{"id":1395,"date":"2025-02-03T12:15:49","date_gmt":"2025-02-03T12:15:49","guid":{"rendered":"https:\/\/portal.abepro.org.br\/abepro2025\/?p=1395"},"modified":"2025-02-03T12:51:24","modified_gmt":"2025-02-03T12:51:24","slug":"o-que-e-a-abepro-jovem-entenda-qual-o-seu-papel-para-engenharia-de-producao","status":"publish","type":"post","link":"https:\/\/portal.abepro.org.br\/abepro2025\/o-que-e-a-abepro-jovem-entenda-qual-o-seu-papel-para-engenharia-de-producao\/","title":{"rendered":"O que \u00e9 a ABEPRO Jovem? Entenda qual o seu papel para Engenharia de Produ\u00e7\u00e3o!"},"content":{"rendered":"\t\t<div data-elementor-type=\"wp-post\" data-elementor-id=\"1395\" class=\"elementor elementor-1395\" data-elementor-post-type=\"post\">\n\t\t\t\t<div class=\"elementor-element elementor-element-7c9e31b4 e-flex e-con-boxed e-con e-parent\" data-id=\"7c9e31b4\" data-element_type=\"container\">\n\t\t\t\t\t<div class=\"e-con-inner\">\n\t\t\t\t<div class=\"elementor-element elementor-element-635b2241 elementor-widget elementor-widget-text-editor\" data-id=\"635b2241\" data-element_type=\"widget\" data-widget_type=\"text-editor.default\">\n\t\t\t\t<div class=\"elementor-widget-container\">\n\t\t\t\t\t\t\t\t\t\n<p>Al\u00e9m da Associa\u00e7\u00e3o Brasileira de Engenharia de Produ\u00e7\u00e3o, tamb\u00e9m h\u00e1 um <strong>grupo de trabalho voltado especificamente para discentes <\/strong>do curso? Sim, a ABEPRO Jovem!<\/p>\n\n<p>\u00c9 o time da ABEPRO que representa os discentes e seus interesses, sempre esclarecendo o papel do Engenheiro de Produ\u00e7\u00e3o perante a sociedade.<\/p>\n\n<p>Ficou claro a import\u00e2ncia desse Grupo de Trabalho? Nesse conte\u00fado ser\u00e1 aprofundado algumas quest\u00f5es acerca da ABEPRO Jovem, como:<\/p>\n\n<ul class=\"wp-block-list\">\n<li>O que \u00e9 a ABEPRO Jovem?<\/li>\n\n<li>Como funciona a organiza\u00e7\u00e3o interna?<\/li>\n\n<li>Como fazer parte da ABEPRO Jovem?<\/li>\n\n<li>Quais s\u00e3o as frentes de trabalho?<\/li>\n<\/ul>\n\n<p class=\"wp-block-heading\"><span style=\"color: #000000;\"><strong><br \/>O que \u00e9 a ABEPRO Jovem?<\/strong><\/span><\/p>\n\n<p>Fundada em 2001, durante o Encontro Nacional de Engenharia de Produ\u00e7\u00e3o (ENEGEP), a ABEPRO Jovem surge diante da necessidade de exist\u00eancia de uma <strong>frente de atua\u00e7\u00e3o dirigida a graduandos de Engenharia de Produ\u00e7\u00e3o<\/strong> do pa\u00eds.\u00a0<\/p>\n\n<p>\u00c9 formada exclusivamente por estudantes do curso de todo Brasil, pessoas comprometidas com a miss\u00e3o de <strong>difundir informa\u00e7\u00f5es, conhecimentos e pr\u00e1ticas \u00e9ticas na comunidade acad\u00eamica, contribuindo para o desenvolvimento do futuro profissional<\/strong> de Engenharia de Produ\u00e7\u00e3o.<\/p>\n\n<p>Com o objetivo de ser uma associa\u00e7\u00e3o discente atuante e representativa dentro dos estados brasileiros, refer\u00eancia para o fortalecimento do curso.<\/p>\n\n<p>Papel importante, n\u00e9? Para que a ABEPRO Jovem consiga entregar os melhores resultados, \u00e9 essencial a organiza\u00e7\u00e3o interna do time. Para entender como funciona, continue conosco!<\/p>\n\n<p class=\"wp-block-heading\"><span style=\"color: #000000;\"><strong>Como funciona a organiza\u00e7\u00e3o interna?<\/strong><\/span><\/p>\n\n<p>O time da ABEPRO Jovem \u00e9 composto por <strong>discentes de Engenharia de Produ\u00e7\u00e3o de todo Brasil<\/strong>. Sendo os seguintes cargos:\u00a0<\/p>\n\n<ul class=\"wp-block-list\">\n<li>Diretores Regionais;<\/li>\n\n<li>Assessores de N\u00facleos;<\/li>\n\n<li>Assessores de Comunica\u00e7\u00e3o;<\/li>\n\n<li>Representantes Estaduais.<\/li>\n<\/ul>\n\n<p>Embora separados geograficamente, todos s\u00e3o alinhados aos valores: Busca por excel\u00eancia, comprometimento, coopera\u00e7\u00e3o, \u00e9tica, inova\u00e7\u00e3o, proatividade, sinergia e transpar\u00eancia.<\/p>\n\n<p class=\"wp-block-heading\"><span style=\"color: #000000;\"><strong>Diretores Regionais<\/strong><\/span><\/p>\n\n<p>A gest\u00e3o do diretor na ABEPRO Jovem \u00e9 anual, sendo que ao final de todo ano h\u00e1 elei\u00e7\u00e3o de chapa. A <strong>Diretoria Executiva<\/strong> \u00e9 composta por um diretor de cada regi\u00e3o do Brasil, al\u00e9m disso cada diretor assume uma frente de trabalho, sendo elas: Presid\u00eancia, Comunica\u00e7\u00e3o, Gest\u00e3o de Pessoas, Gest\u00e3o de N\u00facleos, Gest\u00e3o do Conhecimento e Rela\u00e7\u00f5es P\u00fablicas.<\/p>\n\n<p class=\"wp-block-heading\"><span style=\"color: #000000;\"><strong>Representantes Estaduais ou Distrital<\/strong><\/span><\/p>\n\n<p>Os <strong>representantes estaduais ou distrital<\/strong> t\u00eam a responsabilidade de representar todos os alunos de Engenharia de Produ\u00e7\u00e3o de seu estado\/DF, sendo porta-voz de sua realidade, atuando em conjunto com o seu respectivo diretor regional.<\/p>\n\n<p class=\"wp-block-heading\"><span style=\"color: #000000;\"><strong>Assessores de N\u00facleo<\/strong><\/span><\/p>\n\n<p>Os <strong>assessores de n\u00facleo<\/strong> t\u00eam a responsabilidade de oferecer apoio aos N\u00facleos de Estudantes de Engenharia de Produ\u00e7\u00e3o de acordo com das demandas por eles apresentadas, atuando em conjunto com o diretor de n\u00facleos.<\/p>\n\n<p class=\"wp-block-heading\"><span style=\"color: #000000;\"><strong>Assessores de Comunica\u00e7\u00e3o<\/strong><\/span><\/p>\n\n<p>Concluindo, os <strong>assessores de comunica\u00e7\u00e3o<\/strong> s\u00e3o respons\u00e1veis por atuar na comunica\u00e7\u00e3o externa e interna da ABEPRO Jovem, atuando em conjunto com o diretor de comunica\u00e7\u00e3o.<\/p>\n\n<p>Ficou interessado em fazer parte? Ent\u00e3o continue com a gente e descubra como fazer parte da ABEPRO Jovem?<\/p>\n\n<p class=\"wp-block-heading\"><span style=\"color: #000000;\"><strong>Como fazer parte da ABEPRO Jovem?<\/strong><\/span><\/p>\n\n<p>Para ser time ABEPRO Jovem como assessor ou representante \u00e9 necess\u00e1rio prestar o <strong>Processo Seletivo aberto anualmente<\/strong>, normalmente no come\u00e7o do ano.<\/p>\n\n<p>\u00a0J\u00e1 para fazer parte da diretoria executiva, voc\u00ea deve estar em dia com a<strong> filia\u00e7\u00e3o anual da ABEPRO<\/strong>,\u00a0 formar uma chapa conforme o edital de elei\u00e7\u00e3o anual e se candidatar para a elei\u00e7\u00e3o.<\/p>\n\n<p>Agora que voc\u00ea entendeu a organiza\u00e7\u00e3o interna da ABJ (apelido carinhoso interno), vamos entender melhor a atua\u00e7\u00e3o externa!<\/p>\n\n<p class=\"wp-block-heading\"><span style=\"color: #000000;\"><strong>Quais s\u00e3o as frentes de trabalho?<\/strong><\/span><\/p>\n\n<p>\u00c9 importante ressaltar que a ABEPRO Jovem trabalha em conjunto com a <strong>ABEPRO<\/strong>, logo, o apoio e divulga\u00e7\u00e3o a atividades realizadas pela ABEPRO \u00e9 primordial.\u00a0<\/p>\n\n<p>Ent\u00e3o, a ABJ \u00e9 respons\u00e1vel divulgar palestras e eventos \u2013 ENEGEP, ENCEP e IJCIEOM \u2013 organizados pela ABEPRO, e tamb\u00e9m, os membros da ABEPRO Jovem trabalham na <strong>organiza\u00e7\u00e3o do ENEGEP<\/strong>, maior evento nacional da \u00e1rea de Engenharia de Produ\u00e7\u00e3o organizado pela ABEPRO.<\/p>\n\n<p>Al\u00e9m dessa frente, possibilita a cria\u00e7\u00e3o e crescimento dos <strong>N\u00facleos Estaduais de Estudantes<\/strong>. Os n\u00facleos s\u00e3o grupos que t\u00eam por finalidade a aproxima\u00e7\u00e3o e a representa\u00e7\u00e3o dos estudantes de engenharia de produ\u00e7\u00e3o de cada estado, frente \u00e0s entidades representativas, \u00e0s institui\u00e7\u00f5es e \u00e0 sociedade em geral.<\/p>\n\n<p>E tamb\u00e9m, a ABEPRO Jovem desenvolve <strong>parcerias com outras organiza\u00e7\u00f5es ou empresas<\/strong> visando benef\u00edcios para discentes de Engenharia de Produ\u00e7\u00e3o.\u00a0<\/p>\n\n<p>Gostou desse conte\u00fado? N\u00e3o deixe de continuar nos acompanhando aqui no Blog ABEPRO!<\/p>\n\t\t\t\t\t\t\t\t<\/div>\n\t\t\t\t<\/div>\n\t\t\t\t\t<\/div>\n\t\t\t\t<\/div>\n\t\t\t\t<\/div>\n\t\t","protected":false},"excerpt":{"rendered":"<p>Al\u00e9m da Associa\u00e7\u00e3o Brasileira de Engenharia de Produ\u00e7\u00e3o, tamb\u00e9m h\u00e1 um grupo de trabalho voltado especificamente para discentes do curso? Sim, a ABEPRO Jovem! \u00c9 o time da ABEPRO que representa os discentes e seus interesses, sempre esclarecendo o papel do Engenheiro de Produ\u00e7\u00e3o perante a sociedade. Ficou claro a import\u00e2ncia desse Grupo de Trabalho? [&hellip;]<\/p>\n","protected":false},"author":1,"featured_media":1398,"comment_status":"open","ping_status":"open","sticky":false,"template":"","format":"standard","meta":{"footnotes":""},"categories":[11],"tags":[],"class_list":["post-1395","post","type-post","status-publish","format-standard","has-post-thumbnail","hentry","category-abj"],"_links":{"self":[{"href":"https:\/\/portal.abepro.org.br\/abepro2025\/wp-json\/wp\/v2\/posts\/1395","targetHints":{"allow":["GET"]}}],"collection":[{"href":"https:\/\/portal.abepro.org.br\/abepro2025\/wp-json\/wp\/v2\/posts"}],"about":[{"href":"https:\/\/portal.abepro.org.br\/abepro2025\/wp-json\/wp\/v2\/types\/post"}],"author":[{"embeddable":true,"href":"https:\/\/portal.abepro.org.br\/abepro2025\/wp-json\/wp\/v2\/users\/1"}],"replies":[{"embeddable":true,"href":"https:\/\/portal.abepro.org.br\/abepro2025\/wp-json\/wp\/v2\/comments?post=1395"}],"version-history":[{"count":5,"href":"https:\/\/portal.abepro.org.br\/abepro2025\/wp-json\/wp\/v2\/posts\/1395\/revisions"}],"predecessor-version":[{"id":1403,"href":"https:\/\/portal.abepro.org.br\/abepro2025\/wp-json\/wp\/v2\/posts\/1395\/revisions\/1403"}],"wp:featuredmedia":[{"embeddable":true,"href":"https:\/\/portal.abepro.org.br\/abepro2025\/wp-json\/wp\/v2\/media\/1398"}],"wp:attachment":[{"href":"https:\/\/portal.abepro.org.br\/abepro2025\/wp-json\/wp\/v2\/media?parent=1395"}],"wp:term":[{"taxonomy":"category","embeddable":true,"href":"https:\/\/portal.abepro.org.br\/abepro2025\/wp-json\/wp\/v2\/categories?post=1395"},{"taxonomy":"post_tag","embeddable":true,"href":"https:\/\/portal.abepro.org.br\/abepro2025\/wp-json\/wp\/v2\/tags?post=1395"}],"curies":[{"name":"wp","href":"https:\/\/api.w.org\/{rel}","templated":true}]}}