{"id":1405,"date":"2025-02-03T12:50:11","date_gmt":"2025-02-03T12:50:11","guid":{"rendered":"https:\/\/portal.abepro.org.br\/abepro2025\/?p=1405"},"modified":"2025-02-03T13:28:05","modified_gmt":"2025-02-03T13:28:05","slug":"grandes-feitos-de-mulheres-na-engenharia-de-producao-no-brasil","status":"publish","type":"post","link":"https:\/\/portal.abepro.org.br\/abepro2025\/grandes-feitos-de-mulheres-na-engenharia-de-producao-no-brasil\/","title":{"rendered":"Grandes feitos de mulheres na Engenharia de Produ\u00e7\u00e3o no Brasil"},"content":{"rendered":"\t\t<div data-elementor-type=\"wp-post\" data-elementor-id=\"1405\" class=\"elementor elementor-1405\" data-elementor-post-type=\"post\">\n\t\t\t\t<div class=\"elementor-element elementor-element-217a9da e-flex e-con-boxed e-con e-parent\" data-id=\"217a9da\" data-element_type=\"container\">\n\t\t\t\t\t<div class=\"e-con-inner\">\n\t\t\t\t<div class=\"elementor-element elementor-element-75d18118 elementor-widget elementor-widget-text-editor\" data-id=\"75d18118\" data-element_type=\"widget\" data-widget_type=\"text-editor.default\">\n\t\t\t\t<div class=\"elementor-widget-container\">\n\t\t\t\t\t\t\t\t\t\n<p><strong>O perfil de cinco for\u00e7as femininas da Engenharia de Produ\u00e7\u00e3o que contribu\u00edram (e ainda contribuem) para o crescimento da \u00e1rea no pa\u00eds e que s\u00e3o sin\u00f4nimo de representatividade<\/strong><\/p>\n\n<p>N\u00e3o \u00e9 novidade para ningu\u00e9m que, ao longo da hist\u00f3ria, as mulheres precisaram enfrentar in\u00fameros desafios para conquistar direitos dentro da nossa sociedade. E isso n\u00e3o seria diferente na <strong>Engenharia de Produ\u00e7\u00e3o<\/strong>. A \u00e1rea ainda possui uma grande maioria masculina, apesar das recentes mudan\u00e7as observadas no n\u00famero de mulheres matriculadas nos cursos Brasil a fora. Segundo os dados do censo de 2017, o sexo <strong>feminino<\/strong> j\u00e1 representa 30% das matr\u00edculas nas institui\u00e7\u00f5es de ensino do pa\u00eds.<\/p>\n\n<p>Por esse motivo, neste post, vamos trazer <strong>os grandes feitos de mulheres na Engenharia de Produ\u00e7\u00e3o no Brasil.<\/strong> Contar um pouco da hist\u00f3ria de cinco mulheres\u2212 uma de cada regi\u00e3o do pa\u00eds\u2212 apresentando suas forma\u00e7\u00f5es acad\u00eamicas e como elas chegaram em posi\u00e7\u00f5es de lideran\u00e7a e hoje s\u00e3o sin\u00f4nimo de representatividade.<\/p>\n\n<p class=\"wp-block-heading\"><strong><span style=\"color: #000000;\">REGI\u00c3O NORTE- Fabiane Patr\u00edcia Marques de Azevedo<\/span><\/strong><\/p>\n\n<figure class=\"wp-block-image size-full\"><img fetchpriority=\"high\" decoding=\"async\" class=\"alignleft wp-image-1413\" src=\"https:\/\/portal.abepro.org.br\/abepro2025\/wp-content\/uploads\/2025\/02\/fabiane.png\" alt=\"\" width=\"350\" height=\"350\" srcset=\"https:\/\/portal.abepro.org.br\/abepro2025\/wp-content\/uploads\/2025\/02\/fabiane.png 768w, https:\/\/portal.abepro.org.br\/abepro2025\/wp-content\/uploads\/2025\/02\/fabiane-300x300.png 300w, https:\/\/portal.abepro.org.br\/abepro2025\/wp-content\/uploads\/2025\/02\/fabiane-150x150.png 150w\" sizes=\"(max-width: 350px) 100vw, 350px\" \/><\/figure>\n\n<p>Fabiane possui gradua\u00e7\u00e3o em Administra\u00e7\u00e3o P\u00fablica pela Universidade Federal do Amazonas-UFAM (2009) e mestrado profissional em Engenharia de Produ\u00e7\u00e3o pela Universidade Federal do Amazonas-UFAM (2020). Atuou como professora da Universidade Luterana do Brasil e professora da Funda\u00e7\u00e3o Centro de An\u00e1lise Pesquisa e Inova\u00e7\u00e3o Tecnol\u00f3gica.<\/p>\n\n<p>Profissional de log\u00edstica, com carreira de dez anos em diversas multinacionais situadas no Distrito Industrial da Zona Franca de Manaus, como Siemens, Samsung e Ceras Johnson.<\/p>\n\n<p>Atua em p<strong>rojetos sustent\u00e1veis e circulares<\/strong> com a\u00e7\u00f5es juntamente com empresas do Polo Industrial de Manaus e escolas p\u00fablicas. <strong>\u00c1rea de interesse: Economia Circular, Desenvolvimento de produtos, Sustentabilidade e Ecodesign<\/strong>.<\/p>\n\n<p class=\"wp-block-heading\"><strong><span style=\"color: #000000;\">NORDESTE- Geisiane Oliveira<\/span><\/strong><\/p>\n\n<figure class=\"wp-block-image size-full\"><img decoding=\"async\" class=\"alignright wp-image-1414\" src=\"https:\/\/portal.abepro.org.br\/abepro2025\/wp-content\/uploads\/2025\/02\/geisiane.png\" alt=\"\" width=\"350\" height=\"350\" srcset=\"https:\/\/portal.abepro.org.br\/abepro2025\/wp-content\/uploads\/2025\/02\/geisiane.png 768w, https:\/\/portal.abepro.org.br\/abepro2025\/wp-content\/uploads\/2025\/02\/geisiane-300x300.png 300w, https:\/\/portal.abepro.org.br\/abepro2025\/wp-content\/uploads\/2025\/02\/geisiane-150x150.png 150w\" sizes=\"(max-width: 350px) 100vw, 350px\" \/><\/figure>\n\n<p>Natural de Belo Jardim, Pernambuco, Geisiane tem 29 anos. Possui curso t\u00e9cnico em eletroeletr\u00f4nica, pelo Instituto Federal de Pernambuco (IFPE); \u00e9 graduada e mestre em Engenharia de Produ\u00e7\u00e3o pela Universidade Federal de Pernambuco, Campus Acad\u00eamico do Agreste (UFPE-CAA).<\/p>\n\n<p>Atualmente Geisiane cursa Master of Business Administration (MBA) em Digital Business pela Universidade de S\u00e3o Paulo (USP).<\/p>\n\n<p>Prestou consultoria, onde desenvolveu projetos para<strong> aumentar a produ\u00e7\u00e3o e para o controle de custos da empresa. <\/strong>Atualmente \u00e9 l\u00edder do pilar de Gest\u00e3o de Desenvolvimento de Pessoas no Grupo Moura, al\u00e9m de dar suporte a outros pilares do WCM dentro da empresa. Tamb\u00e9m trabalha com transforma\u00e7\u00e3o digital, desenvolvendo aplicativos e otimizando processos.<\/p>\n\n<p>Seu grande feito \u00e9 <strong>representar bem as mulheres em um ambiente (ainda) t\u00e3o masculinizado,<\/strong> que \u00e9 o ch\u00e3o de f\u00e1brica e na \u00e1rea de transforma\u00e7\u00e3o digital.<\/p>\n\n<p class=\"wp-block-heading\"><strong><span style=\"color: #000000;\">CENTRO-OESTE- Symone Gomes Soares Alcal\u00e1<\/span><\/strong><\/p>\n\n<figure class=\"wp-block-image size-full\"><img decoding=\"async\" class=\"alignleft wp-image-1415\" src=\"https:\/\/portal.abepro.org.br\/abepro2025\/wp-content\/uploads\/2025\/02\/symone.png\" alt=\"\" width=\"350\" height=\"350\" srcset=\"https:\/\/portal.abepro.org.br\/abepro2025\/wp-content\/uploads\/2025\/02\/symone.png 768w, https:\/\/portal.abepro.org.br\/abepro2025\/wp-content\/uploads\/2025\/02\/symone-300x300.png 300w, https:\/\/portal.abepro.org.br\/abepro2025\/wp-content\/uploads\/2025\/02\/symone-150x150.png 150w\" sizes=\"(max-width: 350px) 100vw, 350px\" \/><\/figure>\n\n<p>Natural de Goi\u00e1s, a professora Symone \u00e9 PhD em Engenharia Eletrot\u00e9cnica e de computadores pela Universidade de Coimbra (UC), Portugal (2015) e Graduada em<br \/>Engenharia da Computa\u00e7\u00e3o pela Pontif\u00edcia Universidade Cat\u00f3lica de Goi\u00e1s (PUC-GO), Brasil (2009).<\/p>\n\n<p>Apesar disso, Symone voltou a sua carreira para a Engenharia de Produ\u00e7\u00e3o, onde atualmente \u00e9 Professora adjunta no curso de Engenharia de Produ\u00e7\u00e3o da Faculdade de Ci\u00eancias e Tecnologia (FCT), Campus Aparecida de Goi\u00e2nia-Regional Goi\u00e2nia na Universidade Federal de Goi\u00e1s (UFG).<\/p>\n\n<p>Dentre os feitos realizados, os de maior impacto s\u00e3o seus dois \u00faltimos projetos de pesquisa, os quais envolvem, respectivamente, <strong>uma proposta de modelos para o Planejamento Inteligente da Manuten\u00e7\u00e3o 4.0 em equipamentos industriais e o desenvolvimento de tecnologias computacionais inteligentes para apoiar aplica\u00e7\u00f5es industriais no contexto da Ind\u00fastria 4.0.<\/strong><\/p>\n\n<p class=\"wp-block-heading\"><span style=\"color: #000000;\"><strong>SUDESTE- Marly Monteiro de Carvalho<\/strong><\/span><\/p>\n\n<figure class=\"wp-block-image size-full\"><img loading=\"lazy\" decoding=\"async\" class=\"alignright wp-image-1417\" src=\"https:\/\/portal.abepro.org.br\/abepro2025\/wp-content\/uploads\/2025\/02\/marly.png\" alt=\"\" width=\"350\" height=\"350\" srcset=\"https:\/\/portal.abepro.org.br\/abepro2025\/wp-content\/uploads\/2025\/02\/marly.png 768w, https:\/\/portal.abepro.org.br\/abepro2025\/wp-content\/uploads\/2025\/02\/marly-300x300.png 300w, https:\/\/portal.abepro.org.br\/abepro2025\/wp-content\/uploads\/2025\/02\/marly-150x150.png 150w\" sizes=\"(max-width: 350px) 100vw, 350px\" \/><\/figure>\n\n<p>A<strong> \u00fanica representante do Brasi<\/strong>l entre os selecionados pela plataforma acad\u00eamica<br \/><strong>Research.com <\/strong>no ranking dos Melhores Pesquisadores nas \u00e1reas de Gest\u00e3o e Neg\u00f3cios \u00e9 a professora Marly Monteiro de Carvalho.<\/p>\n\n<p>Formada em Engenheira de Produ\u00e7\u00e3o pela Universidade de S\u00e3o Paulo (USP); mestra e doutora em Engenharia de Produ\u00e7\u00e3o pela Universidade Federal de Santa Catarina (UFSC) e p\u00f3s-doutora em Engenharia Gestional pelo Polit\u00e9cnico de Mil\u00e3o (It\u00e1lia).<\/p>\n\n<p>Al\u00e9m de docente do curso, Marly tamb\u00e9m \u00e9 chefe do Departamento de Engenharia de Produ\u00e7\u00e3o, da Escola Polit\u00e9cnica da USP, e integrante do Programa de P\u00f3s-gradua\u00e7\u00e3o em Engenharia de Produ\u00e7\u00e3o (POLI\/USP) e do Programa de P\u00f3s-Gradua\u00e7\u00e3o em Administra\u00e7\u00e3o (FEA\/USP).<\/p>\n\n<p>As pesquisas da professora est\u00e3o concentradas na <strong>\u00e1rea de modelo de neg\u00f3cios para mudan\u00e7a, com projetos de Economia Circular, contemplando os Objetivos do Desenvolvimento Sustent\u00e1vel, da ONU.<\/strong><\/p>\n\n<p>Ela tamb\u00e9m j\u00e1 foi Diretora da Associa\u00e7\u00e3o Brasileira de Engenharia de Produ\u00e7\u00e3o (ABEPRO), e em 2015 recebeu a <a href=\"https:\/\/portal.abepro.org.br\/abepro2024\/2022\/02\/11\/unica-brasileira-no-ranking-de-pesquisadores-e-a-profa-dra-marly-monteiro-de-carvalho\/\"><span style=\"color: #3366ff;\">Medalha do M\u00e9rito Abepriano<\/span><\/a>. Atualmente integra o GT de P\u00f3s-Gradua\u00e7\u00e3o da Associa\u00e7\u00e3o. Autora de 12 livros publicados no Brasil e nos Estados Unidos e de diversos artigos em peri\u00f3dicos renomados, International Journal of Project Management, International Journal of Production Research.<\/p>\n\n<p class=\"wp-block-heading\"><span style=\"color: #000000;\"><strong>SUL- Vera Lucia Duarte do Valle Pereira<\/strong><\/span><\/p>\n\n<figure class=\"wp-block-image size-full\"><img loading=\"lazy\" decoding=\"async\" class=\"alignleft wp-image-1418\" src=\"https:\/\/portal.abepro.org.br\/abepro2025\/wp-content\/uploads\/2025\/02\/vera.png\" alt=\"\" width=\"350\" height=\"350\" srcset=\"https:\/\/portal.abepro.org.br\/abepro2025\/wp-content\/uploads\/2025\/02\/vera.png 768w, https:\/\/portal.abepro.org.br\/abepro2025\/wp-content\/uploads\/2025\/02\/vera-300x300.png 300w, https:\/\/portal.abepro.org.br\/abepro2025\/wp-content\/uploads\/2025\/02\/vera-150x150.png 150w\" sizes=\"(max-width: 350px) 100vw, 350px\" \/><\/figure>\n\n<p>Em 1966, se formou a primeira mulher da antiga Escola de Engenharia Industrial. Vera L\u00facia al\u00e9m de ter realizado o feito de ser pioneira na gradua\u00e7\u00e3o, a engenheira e professora aposentada criou 4 filhos, fez especializa\u00e7\u00e3o, mestrado e doutorado, deu aula na Universidade Federal de Santa Catarina, orientou alunos de p\u00f3s-gradua\u00e7\u00e3o e publicou dois livros.<\/p>\n\n<p>Vera possui gradua\u00e7\u00e3o em Engenharia Industrial, especializa\u00e7\u00e3o em Engenharia de Produ\u00e7\u00e3o, mestrado em Engenharia Industrial, especializa\u00e7\u00e3o em Administra\u00e7\u00e3o Universit\u00e1ria, doutorado em Engenharia Mec\u00e2nica.<\/p>\n\n<p>Iniciou carreira como docente no Departamento de engenharia de Produ\u00e7\u00e3o da UFSC, coordenou o curso de Engenharia de Seguran\u00e7a do Trabalho, orientou p\u00f3s-graduandos, publicou o livro \u201cPesquisa Cient\u00edfica sem Trope\u00e7os: Abordagem Sist\u00eamica\u201c e fez parte do livro \u201cOs 50 anos de Gradua\u00e7\u00e3o da Primeira Turma de Engenheiros da UFSC\u201d.<\/p>\n\n<p>Hoje seu curr\u00edculo <strong>inclui mais de 50 artigos publicados em peri\u00f3dicos e mais de 80 trabalhos em anais de congressos, <\/strong>entre os temas principais abordados est\u00e3o s<strong>eguran\u00e7a industrial, ergonomia, layout e projeto de f\u00e1brica<\/strong>. Sendo alguns feitos em conjunto com seu marido, tamb\u00e9m engenheiro industrial.<\/p>\n\n<p class=\"wp-block-heading\"><strong><span style=\"color: #000000;\">REFER\u00caNCIAS<\/span><\/strong><\/p>\n\n<p>Curriculum Lattes \u2013\u00a0 Fabiane Patr\u00edcia Marques de Azevedo. Dispon\u00edvel em:\u00a0&lt;http:\/\/lattes.cnpq.br\/3773673675548971&gt;. Acesso em: 02, abr. de 2022<br \/>GEISIANE OLIVEIRA. Perfil no LinkedIn. Dispon\u00edvel em: &lt;https:\/\/www.linkedin.com\/in\/geisiane-oliveira-msc-9709ab104\/&gt;. Acesso em: 06, abr. de 2022.<\/p>\n\n<p>Alumni EMC Homenagear\u00e1 Primeira Mulher Formada Na Escola De Engenharia Industrial. Universidade Federal de Santa Catarina, 2020. Dispon\u00edvel em: &lt;http:\/\/emc.ufsc.br\/portal\/2020\/03\/alumni-emc-homenageara-primeira-mulher-formada-na-escola-de-engenharia-industrial\/&gt;. Acesso em: 30, mar. de 2022.<\/p>\n\n<p>UFG \u2013 Sistema Integrado de Gest\u00e3o de Atividades Acad\u00eamicas. Dispon\u00edvel em: https:\/\/sigaa.sistemas.ufg.br\/sigaa\/public\/docente\/portal.jsf?siape=2306922&gt;. Acesso em: 01 de abr. de 2022.<\/p>\n\n<p>Engenharia de Produ\u00e7\u00e3o da Universidade Federal de Goi\u00e1s \u2013 Faculdade de Ci\u00eancias e Tecnologia, Projetos de Pesquisa. Dispon\u00edvel em: &lt;https:\/\/engprod.fct.ufg.br\/p\/41153- projetos-de-pesquisa-em-andamento&gt;. Acesso em 04 de abr. de 2022.<\/p>\n\n<p>Curriculum Lattes \u2013 Symone Gomes Soares Alcal\u00e1. Dispon\u00edvel em: &lt;http:\/\/buscatextual.cnpq.br\/buscatextual\/visualizacv.do&gt;. Acesso em: 04 de abr. 2022.<\/p>\n\n<p>Pesquisadora do m\u00eas: Marly Monteiro de Carvalho. USP Mulheres, 2022. Dispon\u00edvel em:&lt;https:\/\/uspmulheres.usp.br\/pesquisadora-do-mes-marly-monteiro-de-carvalho&gt;. Acesso em: 03 de abr. de 2022.<\/p>\n\n<p>ABEPRO, 2022 \u2013 \u00danica brasileira no ranking de pesquisadores \u00e9 a Profa. Dra. Marly Monteiro de Carvalho. Dispon\u00edvel em: &lt;https:\/\/portal.abepro.org.br\/abepro2024\/2022\/02\/11\/unica-brasileira-no-ranking-de-pesquisadores-e-a-profa-dra-marly-monteiro-de-carvalho\/&gt;.<br \/>Acesso em: 04 de abr. de 2022.<\/p>\n\n<p>Autora GEN, Marly Monteiro de Carvalho est\u00e1 no ranking dos melhores pesquisadores nas \u00e1reas de gest\u00e3o e neg\u00f3cios. GEN. Neg\u00f3cios e Gest\u00e3o, 2022. Dispon\u00edvel em: &lt;https:\/\/gennegociosegestao.com.br\/autora-gen-marly-monteiro-de-carvalho-esta-no- ranking-dos-melhores-pesquisadores-nas-areas-de-gestao-e-negocios\/&gt;. Acesso em: 05 de abr. de 2022.<\/p>\n\t\t\t\t\t\t\t\t<\/div>\n\t\t\t\t<\/div>\n\t\t\t\t\t<\/div>\n\t\t\t\t<\/div>\n\t\t\t\t<\/div>\n\t\t","protected":false},"excerpt":{"rendered":"<p>O perfil de cinco for\u00e7as femininas da Engenharia de Produ\u00e7\u00e3o que contribu\u00edram (e ainda contribuem) para o crescimento da \u00e1rea no pa\u00eds e que s\u00e3o sin\u00f4nimo de representatividade N\u00e3o \u00e9 novidade para ningu\u00e9m que, ao longo da hist\u00f3ria, as mulheres precisaram enfrentar in\u00fameros desafios para conquistar direitos dentro da nossa sociedade. E isso n\u00e3o seria [&hellip;]<\/p>\n","protected":false},"author":1,"featured_media":1406,"comment_status":"open","ping_status":"open","sticky":false,"template":"","format":"standard","meta":{"footnotes":""},"categories":[11],"tags":[],"class_list":["post-1405","post","type-post","status-publish","format-standard","has-post-thumbnail","hentry","category-abj"],"_links":{"self":[{"href":"https:\/\/portal.abepro.org.br\/abepro2025\/wp-json\/wp\/v2\/posts\/1405","targetHints":{"allow":["GET"]}}],"collection":[{"href":"https:\/\/portal.abepro.org.br\/abepro2025\/wp-json\/wp\/v2\/posts"}],"about":[{"href":"https:\/\/portal.abepro.org.br\/abepro2025\/wp-json\/wp\/v2\/types\/post"}],"author":[{"embeddable":true,"href":"https:\/\/portal.abepro.org.br\/abepro2025\/wp-json\/wp\/v2\/users\/1"}],"replies":[{"embeddable":true,"href":"https:\/\/portal.abepro.org.br\/abepro2025\/wp-json\/wp\/v2\/comments?post=1405"}],"version-history":[{"count":8,"href":"https:\/\/portal.abepro.org.br\/abepro2025\/wp-json\/wp\/v2\/posts\/1405\/revisions"}],"predecessor-version":[{"id":1426,"href":"https:\/\/portal.abepro.org.br\/abepro2025\/wp-json\/wp\/v2\/posts\/1405\/revisions\/1426"}],"wp:featuredmedia":[{"embeddable":true,"href":"https:\/\/portal.abepro.org.br\/abepro2025\/wp-json\/wp\/v2\/media\/1406"}],"wp:attachment":[{"href":"https:\/\/portal.abepro.org.br\/abepro2025\/wp-json\/wp\/v2\/media?parent=1405"}],"wp:term":[{"taxonomy":"category","embeddable":true,"href":"https:\/\/portal.abepro.org.br\/abepro2025\/wp-json\/wp\/v2\/categories?post=1405"},{"taxonomy":"post_tag","embeddable":true,"href":"https:\/\/portal.abepro.org.br\/abepro2025\/wp-json\/wp\/v2\/tags?post=1405"}],"curies":[{"name":"wp","href":"https:\/\/api.w.org\/{rel}","templated":true}]}}