{"id":1427,"date":"2025-02-03T13:33:01","date_gmt":"2025-02-03T13:33:01","guid":{"rendered":"https:\/\/portal.abepro.org.br\/abepro2025\/?p=1427"},"modified":"2025-02-03T13:35:54","modified_gmt":"2025-02-03T13:35:54","slug":"entrei-para-o-curso-de-engenharia-de-producao-e-agora-o-que-faco","status":"publish","type":"post","link":"https:\/\/portal.abepro.org.br\/abepro2025\/entrei-para-o-curso-de-engenharia-de-producao-e-agora-o-que-faco\/","title":{"rendered":"Entrei para o curso de\u00a0 Engenharia de Produ\u00e7\u00e3o! E agora, o que fa\u00e7o?"},"content":{"rendered":"\t\t<div data-elementor-type=\"wp-post\" data-elementor-id=\"1427\" class=\"elementor elementor-1427\" data-elementor-post-type=\"post\">\n\t\t\t\t<div class=\"elementor-element elementor-element-19d23f04 e-flex e-con-boxed e-con e-parent\" data-id=\"19d23f04\" data-element_type=\"container\">\n\t\t\t\t\t<div class=\"e-con-inner\">\n\t\t\t\t<div class=\"elementor-element elementor-element-74805be6 elementor-widget elementor-widget-text-editor\" data-id=\"74805be6\" data-element_type=\"widget\" data-widget_type=\"text-editor.default\">\n\t\t\t\t<div class=\"elementor-widget-container\">\n\t\t\t\t\t\t\t\t\t\n<p><strong><em>Confira as dicas que a ABEPRO Jovem separou para voc\u00ea que acabou de ingressar no curso de Engenharia de Produ\u00e7\u00e3o e ainda n\u00e3o sabe como dar os passos iniciais.\u00a0<\/em><\/strong><\/p>\n\n<p>Lidar com o novo nem sempre \u00e9 t\u00e3o f\u00e1cil quanto parece. No meio de uma trajet\u00f3ria que requer bastante esfor\u00e7o, sacrif\u00edcio e dedica\u00e7\u00e3o, surgem tamb\u00e9m v\u00e1rias incertezas, inseguran\u00e7as e at\u00e9 mesmo a d\u00favida se, de fato, a melhor escolha foi feita.<br \/>Para sanar esses problemas, n\u00f3s da ABEPRO Jovem queremos te orientar a chegar com tudo no curso de Engenharia de Produ\u00e7\u00e3o, sabendo que \u00e9 poss\u00edvel, j\u00e1 no in\u00edcio, construir uma carreira bem fundamentada e eficiente e, claro, sem ficar perdido sobre o que fazer.\u00a0<\/p>\n\n<p>Antes de tudo, queremos te parabenizar por ter feito a escolha de cursar um dos melhores, sen\u00e3o o melhor, cursos de engenharia. Pode ter certeza que foi uma escolha muito boa e logo, logo voc\u00ea estar\u00e1 colhendo os frutos disso (muitos, por sinal).\u00a0\u00a0<\/p>\n\n<p>Mas vamos ao que interessa! Para in\u00edcio de conversa, \u00e9 necess\u00e1rio que a primeira coisa que voc\u00ea tenha em mente ao entrar no curso \u00e9 de que voc\u00ea precisa ser organizado, logo:<\/p>\n\n<p class=\"wp-block-heading\"><span style=\"color: #000000;\">Tenha um cronograma de estudos e seja disciplinado.<\/span><\/p>\n\n<p><img fetchpriority=\"high\" decoding=\"async\" class=\"alignleft wp-image-1429\" src=\"https:\/\/portal.abepro.org.br\/abepro2025\/wp-content\/uploads\/2025\/02\/image-2-300x300.png\" alt=\"\" width=\"350\" height=\"350\" srcset=\"https:\/\/portal.abepro.org.br\/abepro2025\/wp-content\/uploads\/2025\/02\/image-2-300x300.png 300w, https:\/\/portal.abepro.org.br\/abepro2025\/wp-content\/uploads\/2025\/02\/image-2-150x150.png 150w, https:\/\/portal.abepro.org.br\/abepro2025\/wp-content\/uploads\/2025\/02\/image-2.png 768w\" sizes=\"(max-width: 350px) 100vw, 350px\" \/>No in\u00edcio do curso, o discente de Engenharia de Produ\u00e7\u00e3o se depara com cadeiras da base de Engenharia. Essas cadeiras, em grande parte, s\u00e3o consideradas \u201cpesadas\u201d e complexas, por envolverem muitos c\u00e1lculos e conceitos da \u00e1rea de exatas. Logo, \u00e9 imprescind\u00edvel que voc\u00ea tenha um bom cronograma de estudos, para que revise diariamente as mat\u00e9rias. Ah, e \u00e9 importante que voc\u00ea\u00a0 entenda que estudar esses conte\u00fados n\u00e3o \u00e9 s\u00f3 ler o assunto no livro ou assistir uma v\u00eddeo aula, mas tamb\u00e9m colocar em pr\u00e1tica resolvendo exerc\u00edcios, fazendo resumos e mapas mentais, realizando outra revis\u00e3o dos conte\u00fados das quest\u00f5es que acabou errando e refazendo elas.\u00a0<\/p>\n\n<p>H\u00e1 tamb\u00e9m v\u00e1rios m\u00e9todos de organiza\u00e7\u00e3o do tempo de estudo. Coloque como prioridade no cronograma de estudos as mat\u00e9rias que est\u00e3o com maiores pend\u00eancias ou as que voc\u00ea possui menor dom\u00ednio do assunto.\u00a0<\/p>\n\n<p>Feito o cronograma, voc\u00ea pode optar por t\u00e9cnicas de estudo. H\u00e1 v\u00e1rias t\u00e9cnicas e cada uma possui sua particularidade, uma t\u00e9cnica que voc\u00ea pode usar \u00e9 o Pomodoro, por exemplo.<\/p>\n\n<p class=\"wp-block-heading\"><span style=\"color: #000000;\">Conhe\u00e7a os projetos e programas da sua faculdade.<\/span><\/p>\n\n<p>A universidade \u00e9 um mundo de oportunidades para crescer e se desenvolver. Entrar em uma universidade e n\u00e3o aproveitar tudo o que ela pode proporcionar fora da grade curricular do curso, \u00e9 muito chato e mon\u00f3tono. H\u00e1 v\u00e1rias atividades extracurriculares que voc\u00ea pode aproveitar para alavancar seu crescimento pessoal, acad\u00eamico e profissional.Muitas pessoas passam a se desenvolver bastante\u00a0 ao entrar em entidades que comp\u00f5em o curso. Al\u00e9m disso, essas atividades, em sua grande maioria, valem como horas complementares exigidas para a integraliza\u00e7\u00e3o da carga hor\u00e1ria do curso, ou seja, at\u00e9 pra entrar no banco de horas exigido pra se formar, esses projetos e programas valem a pena. Outro benef\u00edcio que podemos citar \u00e9 que essas atividades podem ser colocadas no curr\u00edculo e, vai por n\u00f3s, se torna um grande diferencial em meio a tantos outros curr\u00edculos que s\u00f3 possui a gradua\u00e7\u00e3o limpa e seca.\u00a0<\/p>\n\n<p>Desse modo, procure conhecer os projetos e programas extracurriculares, como, a exemplo da ABEPRO Jovem, N\u00facleos Estaduais de Engenharia de Produ\u00e7\u00e3o. Programa de Educa\u00e7\u00e3o Tutorial (PET), Empresa J\u00fanior, Centro Acad\u00eamico, Diret\u00f3rios Estudantis, Atl\u00e9ticas, entre outros.\u00a0<\/p>\n\n<p>Muitas institui\u00e7\u00f5es trabalham tamb\u00e9m com bolsas de Inicia\u00e7\u00e3o Cient\u00edfica, Inicia\u00e7\u00e3o \u00e0 Doc\u00eancia, Inicia\u00e7\u00e3o Acad\u00eamica, Monitoria, e etc.\u00a0<\/p>\n\n<p>Ent\u00e3o, fica por dentro do que sua Universidade oferece e vai fundo que \u00e9 s\u00f3 sucesso. S\u00f3 tem a agregar para a sua carreira no curso de EP.<\/p>\n\n<p class=\"wp-block-heading\"><span style=\"color: #000000;\"><strong>Crie Networking<\/strong><\/span><\/p>\n\n<p><img decoding=\"async\" class=\"alignright wp-image-1428\" src=\"https:\/\/portal.abepro.org.br\/abepro2025\/wp-content\/uploads\/2025\/02\/image-1-300x300.png\" alt=\"\" width=\"350\" height=\"350\" srcset=\"https:\/\/portal.abepro.org.br\/abepro2025\/wp-content\/uploads\/2025\/02\/image-1-300x300.png 300w, https:\/\/portal.abepro.org.br\/abepro2025\/wp-content\/uploads\/2025\/02\/image-1-150x150.png 150w, https:\/\/portal.abepro.org.br\/abepro2025\/wp-content\/uploads\/2025\/02\/image-1-768x768.png 768w, https:\/\/portal.abepro.org.br\/abepro2025\/wp-content\/uploads\/2025\/02\/image-1.png 1024w\" sizes=\"(max-width: 350px) 100vw, 350px\" \/>Ningu\u00e9m se forma sozinho, por isso, crie networking e fa\u00e7a amigos!\u00a0<\/p>\n\n<p>O ponto anterior j\u00e1 ajuda muito a criar um networking no curso, uma vez que voc\u00ea conhecer\u00e1 v\u00e1rias novas pessoas de semestres diferentes e que possuem v\u00e1rias perspectivas de carreira.\u00a0<\/p>\n\n<p>Voc\u00ea tamb\u00e9m pode criar ou aumentar seu networking participando de eventos do curso, tais como: Semana da Engenharia de Produ\u00e7\u00e3o, mesas redondas, palestras, etc.\u00a0<\/p>\n\n<p>Buscar proximidade com os professores tamb\u00e9m \u00e9 essencial. \u00c9 importante que voc\u00ea seja ativo, ousado e curioso. Pergunte, mostre-se interessado em aprender, busque saber das 10 \u00e1reas de Engenharia de Produ\u00e7\u00e3o e tirar d\u00favidas com os professores, enfim, mostre sua cara, afinal, quem n\u00e3o \u00e9 visto, n\u00e3o \u00e9 lembrado. S\u00f3 tenha cuidado e aja com modera\u00e7\u00e3o, pra n\u00e3o parecer chato e inconveniente,<\/p>\n\n<p class=\"wp-block-heading\"><span style=\"color: #000000;\">Busque conte\u00fados espec\u00edficos por fora<\/span><\/p>\n\n<p>A faculdade n\u00e3o \u00e9 igual ao ensino m\u00e9dio, muito menos igual ao ensino fundamental. Na maioria das vezes, voc\u00ea vai ter que correr atr\u00e1s, ou melhor, \u201cse virar\u201d pra aprender um conceito, conte\u00fado ou um requisito para a disciplina.\u00a0<\/p>\n\n<p>Uma dica que damos \u00e9 voc\u00ea j\u00e1 procurar estudar algumas coisas por fora, como, por exemplo: Excel, Python e Power BI. Dependendo da Universidade, voc\u00ea ter\u00e1 aulas ensinando sobre esses 3 cursos antes de adentrar nas aplica\u00e7\u00f5es das cadeiras, mas na maioria das vezes, \u00e9 necess\u00e1rio que o aluno j\u00e1 domine esses cursos\u00a0 antes de se matricular nas cadeiras, cadeiras essas que, inclusive, s\u00e3o introdut\u00f3rias ao curso, como, por exemplo: C\u00e1lculo Num\u00e9rico (em que se aplica Excel e Python), Pesquisa Operacional (em que se aplica Excel e Python), Engenharia Econ\u00f4mica e Gest\u00e3o de Custos (em que se aplica Excel e Power BI), e etc. Logo, se voc\u00ea n\u00e3o quer ficar perdido nessas cadeiras e quer se destacar desde j\u00e1 da grande maioria, j\u00e1 procura fazer esses cursos e arrasa!<\/p>\n\n<p class=\"wp-block-heading\"><span style=\"color: #000000;\"><strong>Cuide da sua sa\u00fade!<\/strong><\/span><\/p>\n\n<p>Por \u00faltimo, mas n\u00e3o menos importante (na verdade, esse \u00e9 o mais importante), voc\u00ea precisa cuidar da sua sa\u00fade. Sa\u00fade, segundo a Organiza\u00e7\u00e3o Mundial de Sa\u00fade, \u00e9 um estado de completo bem-estar f\u00edsico, mental e social e n\u00e3o apenas a aus\u00eancia de doen\u00e7as.\u00a0<\/p>\n\n<p>N\u00e3o adianta tentar cumprir os 4 t\u00f3picos anteriores, se a sua sa\u00fade f\u00edsica, mental e social n\u00e3o estiver boa. J\u00e1 avisamos desde j\u00e1 que n\u00e3o vai dar certo.<\/p>\n\n<p>N\u00e3o tem como estudar, se concentrar e resolver exerc\u00edcios, se voc\u00ea n\u00e3o est\u00e1 dormindo bem, por exemplo. Voc\u00ea n\u00e3o ser\u00e1 produtivo, voc\u00ea n\u00e3o vai render!\u00a0 Assim como n\u00e3o tem como criar networking, conhecer novas pessoas e ser soci\u00e1vel se sua sa\u00fade mental est\u00e1 super afetada e voc\u00ea anda estressado e de mau humor.\u00a0<\/p>\n\n<p>Logo, \u00e9 importante que, ao definir seu cronograma de estudos, voc\u00ea n\u00e3o esque\u00e7a de que voc\u00ea \u00e9 um ser humano e possui necessidades vitais como, dormir, se alimentar, socializar e se exercitar, a fim de recarregar as energias e permanecer com boa sa\u00fade.\u00a0<\/p>\n\n<p>Reserve um tempo para realizar atividades f\u00edsicas, meditar e ter um tempinho livre pra voc\u00ea. N\u00e3o vai fazer mal, pelo contr\u00e1rio, vai te deixar mais ativo na realiza\u00e7\u00e3o de tarefas, rumo ao seu objetivo na Engenharia de Produ\u00e7\u00e3o!<\/p>\n\n<p><strong><em><sup>Gostou do conte\u00fado? Esperamos ter ajudado!!\u00a0<\/sup><\/em><\/strong><\/p>\n\n<p><strong><em>Qualquer d\u00favida, fala com a gente \ud83d\ude09\u00a0<\/em><\/strong><\/p>\n\n<p><strong><em>ABEPRO Jovem<\/em><\/strong><\/p>\n\t\t\t\t\t\t\t\t<\/div>\n\t\t\t\t<\/div>\n\t\t\t\t\t<\/div>\n\t\t\t\t<\/div>\n\t\t\t\t<\/div>\n\t\t","protected":false},"excerpt":{"rendered":"<p>Confira as dicas que a ABEPRO Jovem separou para voc\u00ea que acabou de ingressar no curso de Engenharia de Produ\u00e7\u00e3o e ainda n\u00e3o sabe como dar os passos iniciais.\u00a0 Lidar com o novo nem sempre \u00e9 t\u00e3o f\u00e1cil quanto parece. No meio de uma trajet\u00f3ria que requer bastante esfor\u00e7o, sacrif\u00edcio e dedica\u00e7\u00e3o, surgem tamb\u00e9m v\u00e1rias [&hellip;]<\/p>\n","protected":false},"author":1,"featured_media":1430,"comment_status":"open","ping_status":"open","sticky":false,"template":"","format":"standard","meta":{"footnotes":""},"categories":[11],"tags":[],"class_list":["post-1427","post","type-post","status-publish","format-standard","has-post-thumbnail","hentry","category-abj"],"_links":{"self":[{"href":"https:\/\/portal.abepro.org.br\/abepro2025\/wp-json\/wp\/v2\/posts\/1427","targetHints":{"allow":["GET"]}}],"collection":[{"href":"https:\/\/portal.abepro.org.br\/abepro2025\/wp-json\/wp\/v2\/posts"}],"about":[{"href":"https:\/\/portal.abepro.org.br\/abepro2025\/wp-json\/wp\/v2\/types\/post"}],"author":[{"embeddable":true,"href":"https:\/\/portal.abepro.org.br\/abepro2025\/wp-json\/wp\/v2\/users\/1"}],"replies":[{"embeddable":true,"href":"https:\/\/portal.abepro.org.br\/abepro2025\/wp-json\/wp\/v2\/comments?post=1427"}],"version-history":[{"count":4,"href":"https:\/\/portal.abepro.org.br\/abepro2025\/wp-json\/wp\/v2\/posts\/1427\/revisions"}],"predecessor-version":[{"id":1434,"href":"https:\/\/portal.abepro.org.br\/abepro2025\/wp-json\/wp\/v2\/posts\/1427\/revisions\/1434"}],"wp:featuredmedia":[{"embeddable":true,"href":"https:\/\/portal.abepro.org.br\/abepro2025\/wp-json\/wp\/v2\/media\/1430"}],"wp:attachment":[{"href":"https:\/\/portal.abepro.org.br\/abepro2025\/wp-json\/wp\/v2\/media?parent=1427"}],"wp:term":[{"taxonomy":"category","embeddable":true,"href":"https:\/\/portal.abepro.org.br\/abepro2025\/wp-json\/wp\/v2\/categories?post=1427"},{"taxonomy":"post_tag","embeddable":true,"href":"https:\/\/portal.abepro.org.br\/abepro2025\/wp-json\/wp\/v2\/tags?post=1427"}],"curies":[{"name":"wp","href":"https:\/\/api.w.org\/{rel}","templated":true}]}}