{"id":1435,"date":"2025-02-03T14:04:01","date_gmt":"2025-02-03T14:04:01","guid":{"rendered":"https:\/\/portal.abepro.org.br\/abepro2025\/?p=1435"},"modified":"2025-02-03T14:06:42","modified_gmt":"2025-02-03T14:06:42","slug":"mas-afinal-o-que-e-o-enegep","status":"publish","type":"post","link":"https:\/\/portal.abepro.org.br\/abepro2025\/mas-afinal-o-que-e-o-enegep\/","title":{"rendered":"Mas, afinal, o que \u00e9 o ENEGEP?"},"content":{"rendered":"\t\t<div data-elementor-type=\"wp-post\" data-elementor-id=\"1435\" class=\"elementor elementor-1435\" data-elementor-post-type=\"post\">\n\t\t\t\t<div class=\"elementor-element elementor-element-78365dc2 e-flex e-con-boxed e-con e-parent\" data-id=\"78365dc2\" data-element_type=\"container\">\n\t\t\t\t\t<div class=\"e-con-inner\">\n\t\t\t\t<div class=\"elementor-element elementor-element-7ab03fd8 elementor-widget elementor-widget-text-editor\" data-id=\"7ab03fd8\" data-element_type=\"widget\" data-widget_type=\"text-editor.default\">\n\t\t\t\t<div class=\"elementor-widget-container\">\n\t\t\t\t\t\t\t\t\t\n<p><em><strong>Com o tema \u201cContribui\u00e7\u00e3o da Engenharia de Produ\u00e7\u00e3o para a Transforma\u00e7\u00e3o Digital da Ind\u00fastria Brasileira\u201d, o encontro ser\u00e1 realizado em Foz do Igua\u00e7u-PR, de 4 a 7 de outubro.<\/strong><\/em><\/p>\n\n<figure class=\"wp-block-image size-full\"><img fetchpriority=\"high\" decoding=\"async\" width=\"1024\" height=\"379\" class=\"wp-image-1436\" src=\"https:\/\/portal.abepro.org.br\/abepro2025\/wp-content\/uploads\/2025\/02\/BACKGROUND-SITE-1024x379-1.png\" alt=\"\" srcset=\"https:\/\/portal.abepro.org.br\/abepro2025\/wp-content\/uploads\/2025\/02\/BACKGROUND-SITE-1024x379-1.png 1024w, https:\/\/portal.abepro.org.br\/abepro2025\/wp-content\/uploads\/2025\/02\/BACKGROUND-SITE-1024x379-1-300x111.png 300w, https:\/\/portal.abepro.org.br\/abepro2025\/wp-content\/uploads\/2025\/02\/BACKGROUND-SITE-1024x379-1-768x284.png 768w\" sizes=\"(max-width: 1024px) 100vw, 1024px\" \/><\/figure>\n\n<p>Em 2022 acontece a 42\u00aa edi\u00e7\u00e3o do Encontro Nacional de Engenharia de Produ\u00e7\u00e3o, o Enegep. Mas, afinal, o que \u00e9 o evento? Nesse blogpost a gente explica tudo para voc\u00ea.<\/p>\n\n<p>Organizado pela Associa\u00e7\u00e3o Brasileira de Engenharia de Produ\u00e7\u00e3o (Abepro) o Enegep \u00e9 o maior evento de Engenharia de Produ\u00e7\u00e3o do pa\u00eds e re\u00fane a comunidade acad\u00eamica, pesquisadores, professores, estudantes, empres\u00e1rios, consultores, engenheiros, administradores e demais profissionais atuantes na Engenharia de Produ\u00e7\u00e3o.<\/p>\n\n<p>Em 2022, o Enegep ser\u00e1 realizado em Foz do Igua\u00e7u-PR, de 4 a 7 de outubro. Com o tema \u201cContribui\u00e7\u00e3o da Engenharia de Produ\u00e7\u00e3o para a Transforma\u00e7\u00e3o Digital da Ind\u00fastria Brasileira\u201d, o evento espera reunir 2mil participantes, no Rafain Palace Hotel &amp; Convention (local do evento).<\/p>\n\n<p>A programa\u00e7\u00e3o vai desde palestras nacionais, internacionais, workshops, grupos de trabalho, pain\u00e9is, minicursos e visitas t\u00e9cnicas, entre outras atividades.<\/p>\n\n<p>Em suas 42 edi\u00e7\u00f5es, o Enegep j\u00e1 se consolidou como um dos principais divulgadores da produ\u00e7\u00e3o t\u00e9cnica e cient\u00edfica da Engenharia de Produ\u00e7\u00e3o e como um f\u00f3rum de discuss\u00e3o de quest\u00f5es pertinentes \u00e0 \u00e1rea no \u00e2mbito nacional. Al\u00e9m disso, promove a integra\u00e7\u00e3o do conhecimento acad\u00eamico com o setor produtivo.<\/p>\n\n<p class=\"wp-block-heading\"><span style=\"color: #000000;\">QUEM PODE PARTICIPAR DO ENEGEP?<\/span><\/p>\n\n<p>O Enegep \u00e9 destinado a professores, estudantes, profissionais e a todos os interessados na Engenharia de Produ\u00e7\u00e3o. Por isso, o evento \u00e9 considerado uma oportunidade para a jun\u00e7\u00e3o de esfor\u00e7os de todos que atuam na \u00e1rea.<\/p>\n\n<p class=\"wp-block-heading\"><span style=\"color: #000000;\">COMO PARTICIPAR?<\/span><\/p>\n\n<p>O evento ser\u00e1 realizado de forma h\u00edbrida. Dessa forma, \u00e9 poss\u00edvel participar presencialmente ou de maneira remota. Presencialmente, os participantes ter\u00e3o uma oportunidade incr\u00edvel para construir networking, acompanhando todas as atividades sociais do Enegep. Online, \u00e9 poss\u00edvel ter acesso a palestras, transmiss\u00e3o de parte das atividades e tamb\u00e9m sess\u00f5es de apresenta\u00e7\u00e3o de artigo online.<\/p>\n\n<p class=\"wp-block-heading\"><span style=\"color: #000000;\">COMO SE INSCREVER?<\/span><\/p>\n\n<p>Para se inscrever no Enegep \u00e9 muito r\u00e1pido e f\u00e1cil. Basta realizar o login na \u00e1rea restrita no site da <strong><span style=\"color: #3366ff;\"><a style=\"color: #3366ff;\" href=\"https:\/\/portal.abepro.org.br\/abepro2024\/enegep\/inscricoes\" target=\"_blank\" rel=\"noopener\">ABEPRO <\/a><\/span><\/strong>e clicar em \u201cFa\u00e7a sua inscri\u00e7\u00e3o\u201d. Feito isso, voc\u00ea pode confirmar os dados e gerar o boleto para pagamento.<\/p>\n\t\t\t\t\t\t\t\t<\/div>\n\t\t\t\t<\/div>\n\t\t\t\t\t<\/div>\n\t\t\t\t<\/div>\n\t\t\t\t<\/div>\n\t\t","protected":false},"excerpt":{"rendered":"<p>Com o tema \u201cContribui\u00e7\u00e3o da Engenharia de Produ\u00e7\u00e3o para a Transforma\u00e7\u00e3o Digital da Ind\u00fastria Brasileira\u201d, o encontro ser\u00e1 realizado em Foz do Igua\u00e7u-PR, de 4 a 7 de outubro. Em 2022 acontece a 42\u00aa edi\u00e7\u00e3o do Encontro Nacional de Engenharia de Produ\u00e7\u00e3o, o Enegep. Mas, afinal, o que \u00e9 o evento? Nesse blogpost a gente [&hellip;]<\/p>\n","protected":false},"author":1,"featured_media":1437,"comment_status":"open","ping_status":"open","sticky":false,"template":"","format":"standard","meta":{"footnotes":""},"categories":[11],"tags":[],"class_list":["post-1435","post","type-post","status-publish","format-standard","has-post-thumbnail","hentry","category-abj"],"_links":{"self":[{"href":"https:\/\/portal.abepro.org.br\/abepro2025\/wp-json\/wp\/v2\/posts\/1435","targetHints":{"allow":["GET"]}}],"collection":[{"href":"https:\/\/portal.abepro.org.br\/abepro2025\/wp-json\/wp\/v2\/posts"}],"about":[{"href":"https:\/\/portal.abepro.org.br\/abepro2025\/wp-json\/wp\/v2\/types\/post"}],"author":[{"embeddable":true,"href":"https:\/\/portal.abepro.org.br\/abepro2025\/wp-json\/wp\/v2\/users\/1"}],"replies":[{"embeddable":true,"href":"https:\/\/portal.abepro.org.br\/abepro2025\/wp-json\/wp\/v2\/comments?post=1435"}],"version-history":[{"count":4,"href":"https:\/\/portal.abepro.org.br\/abepro2025\/wp-json\/wp\/v2\/posts\/1435\/revisions"}],"predecessor-version":[{"id":1441,"href":"https:\/\/portal.abepro.org.br\/abepro2025\/wp-json\/wp\/v2\/posts\/1435\/revisions\/1441"}],"wp:featuredmedia":[{"embeddable":true,"href":"https:\/\/portal.abepro.org.br\/abepro2025\/wp-json\/wp\/v2\/media\/1437"}],"wp:attachment":[{"href":"https:\/\/portal.abepro.org.br\/abepro2025\/wp-json\/wp\/v2\/media?parent=1435"}],"wp:term":[{"taxonomy":"category","embeddable":true,"href":"https:\/\/portal.abepro.org.br\/abepro2025\/wp-json\/wp\/v2\/categories?post=1435"},{"taxonomy":"post_tag","embeddable":true,"href":"https:\/\/portal.abepro.org.br\/abepro2025\/wp-json\/wp\/v2\/tags?post=1435"}],"curies":[{"name":"wp","href":"https:\/\/api.w.org\/{rel}","templated":true}]}}