{"id":1442,"date":"2025-02-03T14:12:33","date_gmt":"2025-02-03T14:12:33","guid":{"rendered":"https:\/\/portal.abepro.org.br\/abepro2025\/?p=1442"},"modified":"2025-02-03T14:12:33","modified_gmt":"2025-02-03T14:12:33","slug":"novo-regimento-interno-da-abepro-jovem","status":"publish","type":"post","link":"https:\/\/portal.abepro.org.br\/abepro2025\/novo-regimento-interno-da-abepro-jovem\/","title":{"rendered":"Novo Regimento Interno da ABEPRO Jovem"},"content":{"rendered":"\n<p>Informamos que o novo regimento da ABEPRO Jovem foi revisado e aprovado durante a recente assembleia geral. Este documento visa aprimorar a governan\u00e7a e a participa\u00e7\u00e3o dos membros, garantindo que todos tenham voz nas decis\u00f5es que impactam nossa comunidade.<\/p>\n\n\n\n<p>Agradecemos a todos os participantes pela contribui\u00e7\u00e3o valiosa ao longo deste processo. Estamos comprometidos em promover um ambiente colaborativo e transparente, e acreditamos que as mudan\u00e7as implementadas fortalecer\u00e3o ainda mais nossa atua\u00e7\u00e3o.<\/p>\n\n\n\n<p>O novo regimento pode ser acessado <a href=\"https:\/\/drive.google.com\/file\/d\/17abWEkWbEbBgpwaRazr758TKb4dM_4ew\/view?usp=sharing\" target=\"_blank\" rel=\"noreferrer noopener\">clicando aqui.<\/a><\/p>\n\n\n\n<p>S\u00e3o Jos\u00e9 dos Campos, 30 de outubro de 2024.<\/p>\n\n\n\n<p><\/p>\n","protected":false},"excerpt":{"rendered":"<p>Informamos que o novo regimento da ABEPRO Jovem foi revisado e aprovado durante a recente assembleia geral. Este documento visa aprimorar a governan\u00e7a e a participa\u00e7\u00e3o dos membros, garantindo que todos tenham voz nas decis\u00f5es que impactam nossa comunidade. Agradecemos a todos os participantes pela contribui\u00e7\u00e3o valiosa ao longo deste processo. Estamos comprometidos em promover [&hellip;]<\/p>\n","protected":false},"author":1,"featured_media":1443,"comment_status":"open","ping_status":"open","sticky":false,"template":"","format":"standard","meta":{"footnotes":""},"categories":[11],"tags":[],"class_list":["post-1442","post","type-post","status-publish","format-standard","has-post-thumbnail","hentry","category-abj"],"_links":{"self":[{"href":"https:\/\/portal.abepro.org.br\/abepro2025\/wp-json\/wp\/v2\/posts\/1442","targetHints":{"allow":["GET"]}}],"collection":[{"href":"https:\/\/portal.abepro.org.br\/abepro2025\/wp-json\/wp\/v2\/posts"}],"about":[{"href":"https:\/\/portal.abepro.org.br\/abepro2025\/wp-json\/wp\/v2\/types\/post"}],"author":[{"embeddable":true,"href":"https:\/\/portal.abepro.org.br\/abepro2025\/wp-json\/wp\/v2\/users\/1"}],"replies":[{"embeddable":true,"href":"https:\/\/portal.abepro.org.br\/abepro2025\/wp-json\/wp\/v2\/comments?post=1442"}],"version-history":[{"count":1,"href":"https:\/\/portal.abepro.org.br\/abepro2025\/wp-json\/wp\/v2\/posts\/1442\/revisions"}],"predecessor-version":[{"id":1444,"href":"https:\/\/portal.abepro.org.br\/abepro2025\/wp-json\/wp\/v2\/posts\/1442\/revisions\/1444"}],"wp:featuredmedia":[{"embeddable":true,"href":"https:\/\/portal.abepro.org.br\/abepro2025\/wp-json\/wp\/v2\/media\/1443"}],"wp:attachment":[{"href":"https:\/\/portal.abepro.org.br\/abepro2025\/wp-json\/wp\/v2\/media?parent=1442"}],"wp:term":[{"taxonomy":"category","embeddable":true,"href":"https:\/\/portal.abepro.org.br\/abepro2025\/wp-json\/wp\/v2\/categories?post=1442"},{"taxonomy":"post_tag","embeddable":true,"href":"https:\/\/portal.abepro.org.br\/abepro2025\/wp-json\/wp\/v2\/tags?post=1442"}],"curies":[{"name":"wp","href":"https:\/\/api.w.org\/{rel}","templated":true}]}}