{"id":1449,"date":"2025-02-03T14:21:40","date_gmt":"2025-02-03T14:21:40","guid":{"rendered":"https:\/\/portal.abepro.org.br\/abepro2025\/?p=1449"},"modified":"2025-02-03T14:24:23","modified_gmt":"2025-02-03T14:24:23","slug":"processo-eleitoral-para-a-gestao-2025-da-abepro-jovem","status":"publish","type":"post","link":"https:\/\/portal.abepro.org.br\/abepro2025\/processo-eleitoral-para-a-gestao-2025-da-abepro-jovem\/","title":{"rendered":"Processo Eleitoral para a Gest\u00e3o 2025 da ABEPRO Jovem"},"content":{"rendered":"\t\t<div data-elementor-type=\"wp-post\" data-elementor-id=\"1449\" class=\"elementor elementor-1449\" data-elementor-post-type=\"post\">\n\t\t\t\t<div class=\"elementor-element elementor-element-4afc0ba0 e-flex e-con-boxed e-con e-parent\" data-id=\"4afc0ba0\" data-element_type=\"container\">\n\t\t\t\t\t<div class=\"e-con-inner\">\n\t\t\t\t<div class=\"elementor-element elementor-element-a6bbbb5 elementor-widget elementor-widget-text-editor\" data-id=\"a6bbbb5\" data-element_type=\"widget\" data-widget_type=\"text-editor.default\">\n\t\t\t\t<div class=\"elementor-widget-container\">\n\t\t\t\t\t\t\t\t\t\n<p>O Grupo de Trabalho Discente da Associa\u00e7\u00e3o Brasileira de Engenharia de Produ\u00e7\u00e3o \u2013 a ABEPRO Jovem anunciou a abertura do processo eleitoral para a Gest\u00e3o 2025. Este \u00e9 um momento significativo para estudantes e jovens profissionais da \u00e1rea, oferecendo a oportunidade de integrar a Diretoria do grupo e contribuir ativamente para o avan\u00e7o da Engenharia de Produ\u00e7\u00e3o no Brasil. Publica\u00e7\u00e3o no instagram: <a href=\"https:\/\/www.instagram.com\/p\/DDIdRP9vEis\/?img_index=1\"><span style=\"color: #3366ff;\">https:\/\/www.instagram.com\/p\/DDIdRP9vEis\/?img_index=1<\/span><\/a><\/p>\n\n<p><strong>Por que participar?<\/strong><\/p>\n\n<p>Fazer parte da Diretoria da ABEPRO Jovem \u00e9 uma oportunidade estrat\u00e9gica para desenvolver compet\u00eancias de lideran\u00e7a e gest\u00e3o, ampliar a rede de contatos profissionais e assumir um papel ativo no fortalecimento da comunidade de Engenharia de Produ\u00e7\u00e3o. Al\u00e9m disso, \u00e9 uma chance de colaborar no planejamento e execu\u00e7\u00e3o de iniciativas que impactam diretamente a forma\u00e7\u00e3o e atua\u00e7\u00e3o de profissionais da \u00e1rea.<\/p>\n\n<p><strong>Como participar?<\/strong><\/p>\n\n<p>Para participar, o primeiro passo \u00e9 acessar o edital do processo eleitoral, dispon\u00edvel no link: <br \/><a href=\"https:\/\/drive.google.com\/file\/d\/1zNPfJYBfpeEud3Uy5LjttSd8BvhFN6dX\/view\"><span style=\"color: #3366ff;\">https:\/\/drive.google.com\/file\/d\/1zNPfJYBfpeEud3Uy5LjttSd8BvhFN6dX\/view<\/span><\/a><span style=\"color: #3366ff;\">.<\/span> O documento apresenta todas as informa\u00e7\u00f5es detalhadas sobre crit\u00e9rios de participa\u00e7\u00e3o, etapas do processo e prazos a serem seguidos. Com base no edital, os interessados devem formar uma equipe e inscrever sua chapa, seguindo as orienta\u00e7\u00f5es descritas. \u00c9 fundamental observar os prazos estipulados para inscri\u00e7\u00e3o e as demais etapas do processo.<\/p>\n\n<p><strong>Benef\u00edcios de participar da gest\u00e3o<\/strong><\/p>\n\n<p>A atua\u00e7\u00e3o na Diretoria da ABEPRO Jovem proporciona uma experi\u00eancia pr\u00e1tica em gest\u00e3o e lideran\u00e7a, permitindo a participa\u00e7\u00e3o direta no planejamento de eventos e projetos estrat\u00e9gicos. Os membros tamb\u00e9m fortalecem a representatividade estudantil e profissional no setor de Engenharia de Produ\u00e7\u00e3o, al\u00e9m de desenvolver habilidades que impactam positivamente suas carreiras.<\/p>\n\n<p><strong>Prazos e pr\u00f3ximos passos<\/strong><\/p>\n\n<p>Os interessados devem acessar o edital, formar suas chapas e submeter as inscri\u00e7\u00f5es dentro do per\u00edodo estipulado. Estar atento \u00e0s datas e cumprir todas as exig\u00eancias s\u00e3o passos essenciais para garantir a participa\u00e7\u00e3o no processo eleitoral.<\/p>\n\n<p><strong>CRONOGRAMA GERAL<\/strong><\/p>\n\n<ol class=\"wp-block-list\">\n<li>Publica\u00e7\u00e3o do Edital \u2013 03\/12\/2024<\/li>\n\n<li>Inscri\u00e7\u00f5es das chapas \u2013 04\/12\/2024 a 10\/12\/2024<\/li>\n\n<li>Homologa\u00e7\u00e3o das chapas \u2013 12\/12\/2024<\/li>\n\n<li>Divulga\u00e7\u00e3o das chapas \u2013 12\/12\/2024<\/li>\n\n<li>Per\u00edodo de campanha eleitoral \u2013 12\/12\/2024 a 17\/12\/2024<\/li>\n\n<li>Divulga\u00e7\u00e3o da lista de aptos a votar \u2013 At\u00e9 18\/12\/2024<\/li>\n\n<li>Per\u00edodo de vota\u00e7\u00e3o \u2013 18\/12\/2024 a 23\/12\/2024<\/li>\n\n<li>Resultado \u2013 26\/12\/2024<\/li>\n\n<li>Contesta\u00e7\u00e3o das Elei\u00e7\u00f5es \u2013 26\/12\/2024 a 30\/12\/2024<\/li>\n\n<li>Resultado das contesta\u00e7\u00f5es \u2013 At\u00e9 31\/12\/2024<\/li>\n<\/ol>\n\t\t\t\t\t\t\t\t<\/div>\n\t\t\t\t<\/div>\n\t\t\t\t\t<\/div>\n\t\t\t\t<\/div>\n\t\t\t\t<\/div>\n\t\t","protected":false},"excerpt":{"rendered":"<p>O Grupo de Trabalho Discente da Associa\u00e7\u00e3o Brasileira de Engenharia de Produ\u00e7\u00e3o \u2013 a ABEPRO Jovem anunciou a abertura do processo eleitoral para a Gest\u00e3o 2025. Este \u00e9 um momento significativo para estudantes e jovens profissionais da \u00e1rea, oferecendo a oportunidade de integrar a Diretoria do grupo e contribuir ativamente para o avan\u00e7o da Engenharia [&hellip;]<\/p>\n","protected":false},"author":1,"featured_media":1450,"comment_status":"open","ping_status":"open","sticky":false,"template":"","format":"standard","meta":{"footnotes":""},"categories":[11],"tags":[],"class_list":["post-1449","post","type-post","status-publish","format-standard","has-post-thumbnail","hentry","category-abj"],"_links":{"self":[{"href":"https:\/\/portal.abepro.org.br\/abepro2025\/wp-json\/wp\/v2\/posts\/1449","targetHints":{"allow":["GET"]}}],"collection":[{"href":"https:\/\/portal.abepro.org.br\/abepro2025\/wp-json\/wp\/v2\/posts"}],"about":[{"href":"https:\/\/portal.abepro.org.br\/abepro2025\/wp-json\/wp\/v2\/types\/post"}],"author":[{"embeddable":true,"href":"https:\/\/portal.abepro.org.br\/abepro2025\/wp-json\/wp\/v2\/users\/1"}],"replies":[{"embeddable":true,"href":"https:\/\/portal.abepro.org.br\/abepro2025\/wp-json\/wp\/v2\/comments?post=1449"}],"version-history":[{"count":4,"href":"https:\/\/portal.abepro.org.br\/abepro2025\/wp-json\/wp\/v2\/posts\/1449\/revisions"}],"predecessor-version":[{"id":1454,"href":"https:\/\/portal.abepro.org.br\/abepro2025\/wp-json\/wp\/v2\/posts\/1449\/revisions\/1454"}],"wp:featuredmedia":[{"embeddable":true,"href":"https:\/\/portal.abepro.org.br\/abepro2025\/wp-json\/wp\/v2\/media\/1450"}],"wp:attachment":[{"href":"https:\/\/portal.abepro.org.br\/abepro2025\/wp-json\/wp\/v2\/media?parent=1449"}],"wp:term":[{"taxonomy":"category","embeddable":true,"href":"https:\/\/portal.abepro.org.br\/abepro2025\/wp-json\/wp\/v2\/categories?post=1449"},{"taxonomy":"post_tag","embeddable":true,"href":"https:\/\/portal.abepro.org.br\/abepro2025\/wp-json\/wp\/v2\/tags?post=1449"}],"curies":[{"name":"wp","href":"https:\/\/api.w.org\/{rel}","templated":true}]}}