{"id":234,"date":"2024-05-24T17:32:06","date_gmt":"2024-05-24T17:32:06","guid":{"rendered":"https:\/\/portal.abepro.org.br\/abepro2025\/?p=234"},"modified":"2024-05-24T17:33:57","modified_gmt":"2024-05-24T17:33:57","slug":"convite-para-lancamento-do-livro-do-prof-emerito-jose-eugenio-leal-puc-rio","status":"publish","type":"post","link":"https:\/\/portal.abepro.org.br\/abepro2025\/convite-para-lancamento-do-livro-do-prof-emerito-jose-eugenio-leal-puc-rio\/","title":{"rendered":"Convite para Lan\u00e7amento do Livro do Prof. Em\u00e9rito Jos\u00e9 Eugenio Leal \u2013 PUC -RIO"},"content":{"rendered":"","protected":false},"excerpt":{"rendered":"<p>Departamento de Engenharia Industrial convida para o lan\u00e7amento do livro &#8220;Sistemas de Transporte de Carga do Brasil&#8221;com sess\u00e3o de aut\u00f3grafos.<\/p>\n","protected":false},"author":1,"featured_media":235,"comment_status":"open","ping_status":"open","sticky":false,"template":"","format":"standard","meta":{"footnotes":""},"categories":[6],"tags":[],"class_list":["post-234","post","type-post","status-publish","format-standard","has-post-thumbnail","hentry","category-noticias"],"_links":{"self":[{"href":"https:\/\/portal.abepro.org.br\/abepro2025\/wp-json\/wp\/v2\/posts\/234","targetHints":{"allow":["GET"]}}],"collection":[{"href":"https:\/\/portal.abepro.org.br\/abepro2025\/wp-json\/wp\/v2\/posts"}],"about":[{"href":"https:\/\/portal.abepro.org.br\/abepro2025\/wp-json\/wp\/v2\/types\/post"}],"author":[{"embeddable":true,"href":"https:\/\/portal.abepro.org.br\/abepro2025\/wp-json\/wp\/v2\/users\/1"}],"replies":[{"embeddable":true,"href":"https:\/\/portal.abepro.org.br\/abepro2025\/wp-json\/wp\/v2\/comments?post=234"}],"version-history":[{"count":3,"href":"https:\/\/portal.abepro.org.br\/abepro2025\/wp-json\/wp\/v2\/posts\/234\/revisions"}],"predecessor-version":[{"id":238,"href":"https:\/\/portal.abepro.org.br\/abepro2025\/wp-json\/wp\/v2\/posts\/234\/revisions\/238"}],"wp:featuredmedia":[{"embeddable":true,"href":"https:\/\/portal.abepro.org.br\/abepro2025\/wp-json\/wp\/v2\/media\/235"}],"wp:attachment":[{"href":"https:\/\/portal.abepro.org.br\/abepro2025\/wp-json\/wp\/v2\/media?parent=234"}],"wp:term":[{"taxonomy":"category","embeddable":true,"href":"https:\/\/portal.abepro.org.br\/abepro2025\/wp-json\/wp\/v2\/categories?post=234"},{"taxonomy":"post_tag","embeddable":true,"href":"https:\/\/portal.abepro.org.br\/abepro2025\/wp-json\/wp\/v2\/tags?post=234"}],"curies":[{"name":"wp","href":"https:\/\/api.w.org\/{rel}","templated":true}]}}