{"id":259,"date":"2024-05-24T17:57:01","date_gmt":"2024-05-24T17:57:01","guid":{"rendered":"https:\/\/portal.abepro.org.br\/abepro2025\/?p=259"},"modified":"2024-05-24T17:57:01","modified_gmt":"2024-05-24T17:57:01","slug":"inscricoes-abertas-para-mestrado-em-engenharia-de-producao-e-sistemas-na-utfpr-pato-branco","status":"publish","type":"post","link":"https:\/\/portal.abepro.org.br\/abepro2025\/inscricoes-abertas-para-mestrado-em-engenharia-de-producao-e-sistemas-na-utfpr-pato-branco\/","title":{"rendered":"Inscri\u00e7\u00f5es Abertas para Mestrado em Engenharia de Produ\u00e7\u00e3o e Sistemas na UTFPR \u2013 Pato Branco"},"content":{"rendered":"\n<p>Est\u00e3o abertas as inscri\u00e7\u00f5es para o Mestrado em Engenharia de Produ\u00e7\u00e3o e Sistemas na Universidade Tecnol\u00f3gica Federal do Paran\u00e1 \u2013 Pato Branco, com in\u00edcio das aulas previsto para o segundo semestre de 2024.<\/p>\n\n\n\n<p>O programa oferece flexibilidade com disciplinas remotas e noturnas, visando atender \u00e0s necessidades dos alunos.<\/p>\n\n\n\n<p>As \u00e1reas de estudo incluem m\u00e9todos de aprendizado de m\u00e1quina, pesquisa operacional, gest\u00e3o de energia, entre outros temas.<\/p>\n\n\n\n<p>O edital de sele\u00e7\u00e3o pode ser acessado aqui:&nbsp;<a href=\"https:\/\/sei.utfpr.edu.br\/sei\/publicacoes\/controlador_publicacoes.php?acao=publicacao_visualizar&amp;id_documento=4539021&amp;id_orgao_publicacao=0\">https:\/\/sei.utfpr.edu.br\/sei\/publicacoes\/controlador_publicacoes.php?acao=publicacao_visualizar&amp;id_documento=4539021&amp;id_orgao_publicacao=0<\/a><\/p>\n","protected":false},"excerpt":{"rendered":"<p>Est\u00e3o abertas as inscri\u00e7\u00f5es para o Mestrado em Engenharia de Produ\u00e7\u00e3o e Sistemas na Universidade Tecnol\u00f3gica Federal do Paran\u00e1 \u2013 Pato Branco, com in\u00edcio das aulas previsto para o segundo semestre de 2024.<\/p>\n","protected":false},"author":1,"featured_media":260,"comment_status":"open","ping_status":"open","sticky":false,"template":"","format":"standard","meta":{"footnotes":""},"categories":[6],"tags":[],"class_list":["post-259","post","type-post","status-publish","format-standard","has-post-thumbnail","hentry","category-noticias"],"_links":{"self":[{"href":"https:\/\/portal.abepro.org.br\/abepro2025\/wp-json\/wp\/v2\/posts\/259","targetHints":{"allow":["GET"]}}],"collection":[{"href":"https:\/\/portal.abepro.org.br\/abepro2025\/wp-json\/wp\/v2\/posts"}],"about":[{"href":"https:\/\/portal.abepro.org.br\/abepro2025\/wp-json\/wp\/v2\/types\/post"}],"author":[{"embeddable":true,"href":"https:\/\/portal.abepro.org.br\/abepro2025\/wp-json\/wp\/v2\/users\/1"}],"replies":[{"embeddable":true,"href":"https:\/\/portal.abepro.org.br\/abepro2025\/wp-json\/wp\/v2\/comments?post=259"}],"version-history":[{"count":1,"href":"https:\/\/portal.abepro.org.br\/abepro2025\/wp-json\/wp\/v2\/posts\/259\/revisions"}],"predecessor-version":[{"id":261,"href":"https:\/\/portal.abepro.org.br\/abepro2025\/wp-json\/wp\/v2\/posts\/259\/revisions\/261"}],"wp:featuredmedia":[{"embeddable":true,"href":"https:\/\/portal.abepro.org.br\/abepro2025\/wp-json\/wp\/v2\/media\/260"}],"wp:attachment":[{"href":"https:\/\/portal.abepro.org.br\/abepro2025\/wp-json\/wp\/v2\/media?parent=259"}],"wp:term":[{"taxonomy":"category","embeddable":true,"href":"https:\/\/portal.abepro.org.br\/abepro2025\/wp-json\/wp\/v2\/categories?post=259"},{"taxonomy":"post_tag","embeddable":true,"href":"https:\/\/portal.abepro.org.br\/abepro2025\/wp-json\/wp\/v2\/tags?post=259"}],"curies":[{"name":"wp","href":"https:\/\/api.w.org\/{rel}","templated":true}]}}