{"id":5077,"date":"2024-01-30T11:37:55","date_gmt":"2024-01-30T14:37:55","guid":{"rendered":"https:\/\/portal.abepro.org.br\/abepro2024\/?p=5077"},"modified":"2024-01-30T11:37:55","modified_gmt":"2024-01-30T14:37:55","slug":"inep-nomeia-membros-das-comissoes-assessoras-para-estudos-de-revisao-dos-instrumentos-de-avaliacao-in-loco","status":"publish","type":"post","link":"https:\/\/portal.abepro.org.br\/abepro2025\/inep-nomeia-membros-das-comissoes-assessoras-para-estudos-de-revisao-dos-instrumentos-de-avaliacao-in-loco\/","title":{"rendered":"INEP nomeia membros das comiss\u00f5es assessoras para estudos de revis\u00e3o dos instrumentos de avalia\u00e7\u00e3o in loco"},"content":{"rendered":"\n<p>Gostar\u00edamos de informar com satisfa\u00e7\u00e3o que, na \u00faltima semana, o Minist\u00e9rio da Educa\u00e7\u00e3o, juntamente com o Instituto Nacional de Estudos e Pesquisas Educacionais An\u00edsio Teixeira (INEP), por meio da Diretoria de Avalia\u00e7\u00e3o da Educa\u00e7\u00e3o Superior, publicou a Portaria N\u00ba 23. Esta portaria nomeia membros das Comiss\u00f5es Assessoras para a realiza\u00e7\u00e3o de estudos de revis\u00e3o do Instrumento de Avalia\u00e7\u00e3o in loco de Cursos de Gradua\u00e7\u00e3o, utilizado no Sistema Nacional de Avalia\u00e7\u00e3o da Educa\u00e7\u00e3o Superior.<\/p>\n\n\n\n<p>Dentre os especialistas nomeados para essa importante miss\u00e3o, destacamos e parabenizamos os seguintes membros associados \u00e0 ABEPRO:<\/p>\n\n\n\n<p>&#8211; Prof. Dr. Vanderli Fava de Oliveira, associado da ABEPRO e membro do Grupo de Trabalho de Gradua\u00e7\u00e3o;<br>&#8211; Prof. Dr. Luis Mauricio Resende, da UTFPR, institui\u00e7\u00e3o Associada da ABEPRO;<br>&#8211; Prof. Dr. Rodrigo Pimentel, da UFRN, institui\u00e7\u00e3o Associada daABEPRO.<\/p>\n\n\n\n<p>Expressamos nossos votos de sucesso aos mencionados profissionais e a todos os envolvidos nessa comiss\u00e3o. A ABEPRO reafirma seu compromisso em apoiar e colaborar com esses esfor\u00e7os em prol da qualidade da forma\u00e7\u00e3o dos engenheiros de produ\u00e7\u00e3o no pa\u00eds.<\/p>\n\n\n\n<p>Iremos contribuir no que for necess\u00e1rio e desejamos que este trabalho resulte em avan\u00e7os significativos para aprimorar continuamente a avalia\u00e7\u00e3o e qualidade dos cursos de gradua\u00e7\u00e3o em Engenharia de Produ\u00e7\u00e3o.<\/p>\n\n\n\n<p>Acesse a lista\u00a0completa\u00a0<a href=\"https:\/\/abmes.org.br\/arquivos\/legislacoes\/PORTARIA%20N%2023%20DE%2024%20DE%20JANEIRO%20DE%202024.pdf\" target=\"_blank\" rel=\"noreferrer noopener\">aqui.<\/a><\/p>\n","protected":false},"excerpt":{"rendered":"<p>Gostar\u00edamos de informar com satisfa\u00e7\u00e3o que, na \u00faltima semana, o Minist\u00e9rio da Educa\u00e7\u00e3o, juntamente com o Instituto Nacional de Estudos e Pesquisas Educacionais An\u00edsio Teixeira (INEP), por meio da Diretoria de Avalia\u00e7\u00e3o da Educa\u00e7\u00e3o Superior, publicou a Portaria N\u00ba 23. Esta portaria nomeia membros das Comiss\u00f5es Assessoras para a realiza\u00e7\u00e3o de estudos de revis\u00e3o do [&hellip;]<\/p>\n","protected":false},"author":1,"featured_media":5078,"comment_status":"open","ping_status":"open","sticky":false,"template":"","format":"standard","meta":{"footnotes":""},"categories":[6],"tags":[],"class_list":["post-5077","post","type-post","status-publish","format-standard","has-post-thumbnail","hentry","category-noticias"],"_links":{"self":[{"href":"https:\/\/portal.abepro.org.br\/abepro2025\/wp-json\/wp\/v2\/posts\/5077","targetHints":{"allow":["GET"]}}],"collection":[{"href":"https:\/\/portal.abepro.org.br\/abepro2025\/wp-json\/wp\/v2\/posts"}],"about":[{"href":"https:\/\/portal.abepro.org.br\/abepro2025\/wp-json\/wp\/v2\/types\/post"}],"author":[{"embeddable":true,"href":"https:\/\/portal.abepro.org.br\/abepro2025\/wp-json\/wp\/v2\/users\/1"}],"replies":[{"embeddable":true,"href":"https:\/\/portal.abepro.org.br\/abepro2025\/wp-json\/wp\/v2\/comments?post=5077"}],"version-history":[{"count":0,"href":"https:\/\/portal.abepro.org.br\/abepro2025\/wp-json\/wp\/v2\/posts\/5077\/revisions"}],"wp:featuredmedia":[{"embeddable":true,"href":"https:\/\/portal.abepro.org.br\/abepro2025\/wp-json\/wp\/v2\/media\/5078"}],"wp:attachment":[{"href":"https:\/\/portal.abepro.org.br\/abepro2025\/wp-json\/wp\/v2\/media?parent=5077"}],"wp:term":[{"taxonomy":"category","embeddable":true,"href":"https:\/\/portal.abepro.org.br\/abepro2025\/wp-json\/wp\/v2\/categories?post=5077"},{"taxonomy":"post_tag","embeddable":true,"href":"https:\/\/portal.abepro.org.br\/abepro2025\/wp-json\/wp\/v2\/tags?post=5077"}],"curies":[{"name":"wp","href":"https:\/\/api.w.org\/{rel}","templated":true}]}}