{"id":5125,"date":"2024-03-13T09:14:20","date_gmt":"2024-03-13T12:14:20","guid":{"rendered":"https:\/\/portal.abepro.org.br\/abepro2024\/?p=5125"},"modified":"2024-03-13T09:14:20","modified_gmt":"2024-03-13T12:14:20","slug":"processo-seletivo-mestrado-e-doutorado-no-ppgep-da-ufsc","status":"publish","type":"post","link":"https:\/\/portal.abepro.org.br\/abepro2025\/processo-seletivo-mestrado-e-doutorado-no-ppgep-da-ufsc\/","title":{"rendered":"Processo seletivo Mestrado e Doutorado no PPGEP da UFSC"},"content":{"rendered":"\n<p><strong>A<\/strong>&nbsp;<strong>Coordenadora do Programa de P\u00f3s-Gradua\u00e7\u00e3o em Engenharia de Produ\u00e7\u00e3o<\/strong>&nbsp;(PPGEP) da UFSC, no uso de suas atribui\u00e7\u00f5es, torna p\u00fablica a abertura das inscri\u00e7\u00f5es para o processo de sele\u00e7\u00e3o de novos alunos para os cursos de Mestrado e Doutorado em Engenharia de Produ\u00e7\u00e3o para ingresso em 2024\/2.<\/p>\n\n\n\n<p>O edital retificado pode ser encontrado em:<a target=\"_blank\" rel=\"noreferrer noopener\" href=\"https:\/\/ppgep.ufsc.br\/ingresso-20242-edital-de-selecao\/\"> https:\/\/ppgep.ufsc.br\/ingresso-20242-edital-de-selecao\/<\/a><strong>&nbsp;<\/strong><\/p>\n\n\n\n<p><strong>Lembramos que as inscri\u00e7\u00f5es ocorrer\u00e3o de 07\/03\/2024&nbsp;a&nbsp;12\/04\/2024.<\/strong><\/p>\n\n\n\n<p><strong>Link de inscri\u00e7\u00f5es:&nbsp;<\/strong><strong><u><a target=\"_blank\" rel=\"noreferrer noopener\" href=\"https:\/\/capg.sistemas.ufsc.br\/inscricao\/\">https:\/\/capg.sistemas.ufsc.br\/inscricao\/<\/a><\/u><\/strong><\/p>\n","protected":false},"excerpt":{"rendered":"<p>A&nbsp;Coordenadora do Programa de P\u00f3s-Gradua\u00e7\u00e3o em Engenharia de Produ\u00e7\u00e3o&nbsp;(PPGEP) da UFSC, no uso de suas atribui\u00e7\u00f5es, torna p\u00fablica a abertura das inscri\u00e7\u00f5es para o processo de sele\u00e7\u00e3o de novos alunos para os cursos de Mestrado e Doutorado em Engenharia de Produ\u00e7\u00e3o para ingresso em 2024\/2. O edital retificado pode ser encontrado em: https:\/\/ppgep.ufsc.br\/ingresso-20242-edital-de-selecao\/&nbsp; Lembramos que [&hellip;]<\/p>\n","protected":false},"author":1,"featured_media":5126,"comment_status":"open","ping_status":"open","sticky":false,"template":"","format":"standard","meta":{"footnotes":""},"categories":[6],"tags":[],"class_list":["post-5125","post","type-post","status-publish","format-standard","has-post-thumbnail","hentry","category-noticias"],"_links":{"self":[{"href":"https:\/\/portal.abepro.org.br\/abepro2025\/wp-json\/wp\/v2\/posts\/5125","targetHints":{"allow":["GET"]}}],"collection":[{"href":"https:\/\/portal.abepro.org.br\/abepro2025\/wp-json\/wp\/v2\/posts"}],"about":[{"href":"https:\/\/portal.abepro.org.br\/abepro2025\/wp-json\/wp\/v2\/types\/post"}],"author":[{"embeddable":true,"href":"https:\/\/portal.abepro.org.br\/abepro2025\/wp-json\/wp\/v2\/users\/1"}],"replies":[{"embeddable":true,"href":"https:\/\/portal.abepro.org.br\/abepro2025\/wp-json\/wp\/v2\/comments?post=5125"}],"version-history":[{"count":0,"href":"https:\/\/portal.abepro.org.br\/abepro2025\/wp-json\/wp\/v2\/posts\/5125\/revisions"}],"wp:featuredmedia":[{"embeddable":true,"href":"https:\/\/portal.abepro.org.br\/abepro2025\/wp-json\/wp\/v2\/media\/5126"}],"wp:attachment":[{"href":"https:\/\/portal.abepro.org.br\/abepro2025\/wp-json\/wp\/v2\/media?parent=5125"}],"wp:term":[{"taxonomy":"category","embeddable":true,"href":"https:\/\/portal.abepro.org.br\/abepro2025\/wp-json\/wp\/v2\/categories?post=5125"},{"taxonomy":"post_tag","embeddable":true,"href":"https:\/\/portal.abepro.org.br\/abepro2025\/wp-json\/wp\/v2\/tags?post=5125"}],"curies":[{"name":"wp","href":"https:\/\/api.w.org\/{rel}","templated":true}]}}