{"id":5147,"date":"2024-03-22T12:32:10","date_gmt":"2024-03-22T15:32:10","guid":{"rendered":"https:\/\/portal.abepro.org.br\/abepro2024\/?p=5147"},"modified":"2024-03-22T12:32:10","modified_gmt":"2024-03-22T15:32:10","slug":"processo-seletivo-para-docente-temporario-em-engenharia-de-producao-na-poli-usp","status":"publish","type":"post","link":"https:\/\/portal.abepro.org.br\/abepro2025\/processo-seletivo-para-docente-temporario-em-engenharia-de-producao-na-poli-usp\/","title":{"rendered":"Processo Seletivo para Docente Tempor\u00e1rio em Engenharia de Produ\u00e7\u00e3o na Poli-USP"},"content":{"rendered":"\n<p>A Poli-USP est\u00e1 com inscri\u00e7\u00f5es abertas, de 07\/03 a 06\/04\/2024, para o processo seletivo de contrata\u00e7\u00e3o de quatro professores tempor\u00e1rios para o Departamento de Engenharia de Produ\u00e7\u00e3o.<\/p>\n\n\n\n<p>Edital: <a href=\"https:\/\/pro.poli.usp.br\/wp-content\/uploads\/sites\/927\/2024\/03\/033-Abertura-de-inscricao-PS-PRO-033-2024-Eng-Producao-DOE-1.pdf\">https:\/\/pro.poli.usp.br\/wp-content\/uploads\/sites\/927\/2024\/03\/033-Abertura-de-inscricao-PS-PRO-033-2024-Eng-Producao-DOE-1.pdf<\/a><\/p>\n\n\n\n<p>Link de Inscri\u00e7\u00e3o: <a href=\"https:\/\/uspdigital.usp.br\/gr\/admissao\">https:\/\/uspdigital.usp.br\/gr\/admissao<\/a><\/p>\n","protected":false},"excerpt":{"rendered":"<p>A Poli-USP est\u00e1 com inscri\u00e7\u00f5es abertas, de 07\/03 a 06\/04\/2024, para o processo seletivo de contrata\u00e7\u00e3o de quatro professores tempor\u00e1rios para o Departamento de Engenharia de Produ\u00e7\u00e3o. Edital: https:\/\/pro.poli.usp.br\/wp-content\/uploads\/sites\/927\/2024\/03\/033-Abertura-de-inscricao-PS-PRO-033-2024-Eng-Producao-DOE-1.pdf Link de Inscri\u00e7\u00e3o: https:\/\/uspdigital.usp.br\/gr\/admissao<\/p>\n","protected":false},"author":1,"featured_media":5148,"comment_status":"open","ping_status":"open","sticky":false,"template":"","format":"standard","meta":{"footnotes":""},"categories":[6],"tags":[],"class_list":["post-5147","post","type-post","status-publish","format-standard","has-post-thumbnail","hentry","category-noticias"],"_links":{"self":[{"href":"https:\/\/portal.abepro.org.br\/abepro2025\/wp-json\/wp\/v2\/posts\/5147","targetHints":{"allow":["GET"]}}],"collection":[{"href":"https:\/\/portal.abepro.org.br\/abepro2025\/wp-json\/wp\/v2\/posts"}],"about":[{"href":"https:\/\/portal.abepro.org.br\/abepro2025\/wp-json\/wp\/v2\/types\/post"}],"author":[{"embeddable":true,"href":"https:\/\/portal.abepro.org.br\/abepro2025\/wp-json\/wp\/v2\/users\/1"}],"replies":[{"embeddable":true,"href":"https:\/\/portal.abepro.org.br\/abepro2025\/wp-json\/wp\/v2\/comments?post=5147"}],"version-history":[{"count":0,"href":"https:\/\/portal.abepro.org.br\/abepro2025\/wp-json\/wp\/v2\/posts\/5147\/revisions"}],"wp:featuredmedia":[{"embeddable":true,"href":"https:\/\/portal.abepro.org.br\/abepro2025\/wp-json\/wp\/v2\/media\/5148"}],"wp:attachment":[{"href":"https:\/\/portal.abepro.org.br\/abepro2025\/wp-json\/wp\/v2\/media?parent=5147"}],"wp:term":[{"taxonomy":"category","embeddable":true,"href":"https:\/\/portal.abepro.org.br\/abepro2025\/wp-json\/wp\/v2\/categories?post=5147"},{"taxonomy":"post_tag","embeddable":true,"href":"https:\/\/portal.abepro.org.br\/abepro2025\/wp-json\/wp\/v2\/tags?post=5147"}],"curies":[{"name":"wp","href":"https:\/\/api.w.org\/{rel}","templated":true}]}}