{"id":5165,"date":"2024-03-27T20:56:44","date_gmt":"2024-03-27T23:56:44","guid":{"rendered":"https:\/\/portal.abepro.org.br\/abepro2024\/?p=5165"},"modified":"2024-03-27T20:56:44","modified_gmt":"2024-03-27T23:56:44","slug":"indicacoes-da-abepro-para-renovacao-ca-cnpq-2024","status":"publish","type":"post","link":"https:\/\/portal.abepro.org.br\/abepro2025\/indicacoes-da-abepro-para-renovacao-ca-cnpq-2024\/","title":{"rendered":"Indica\u00e7\u00f5es da ABEPRO para renova\u00e7\u00e3o CA\/CNPq\u00a02024"},"content":{"rendered":"\n<p>Prezada Comunidade de Engenharia de Produ\u00e7\u00e3o,<\/p>\n\n\n\n<p>A Associa\u00e7\u00e3o Brasileira de Engenharia de Produ\u00e7\u00e3o (ABEPRO) tem o prazer de comunicar que, mantendo nosso compromisso com a transpar\u00eancia e a participa\u00e7\u00e3o ativa da nossa comunidade, conduzimos um processo para ouvir a comunidade acad\u00eamica de Engenharia de Produ\u00e7\u00e3o, envolvendo a consulta direta aos nossos Associados, Coordenadores de Programas de P\u00f3s-Gradua\u00e7\u00e3o e uma reuni\u00e3o produtiva com Bolsistas de Produtividade N\u00edvel 1 &#8211; membros ativos e contribuintes em nossos eventos.<\/p>\n\n\n\n<p>A partir deste di\u00e1logo construtivo, identificamos a demanda por candidatos que encarnem a renova\u00e7\u00e3o e a expans\u00e3o da experi\u00eancia no \u00e2mbito dos Comit\u00eas de Assessoramento. Buscamos perfis que ofere\u00e7am diversidade tanto em abordagens te\u00f3ricas quanto metodol\u00f3gicas, que representem as variadas sub\u00e1reas da Engenharia de Produ\u00e7\u00e3o e que honrem a diversidade de g\u00eanero.<\/p>\n\n\n\n<p>Em resposta a essas expectativas, a Diretoria da ABEPRO decidiu recomendar a nomea\u00e7\u00e3o dos seguintes distinguidos pesquisadores:<\/p>\n\n\n\n<ul class=\"wp-block-list\">\n<li>Professora Lucila Maria de Souza Campos, da Universidade Federal de Santa Catarina (UFSC)<\/li>\n\n\n\n<li>Professor Silvio Hamacher, da Pontif\u00edcia Universidade Cat\u00f3lica do Rio de Janeiro (PUC-Rio)<\/li>\n\n\n\n<li>Professor Daniel Jugend, da Universidade Estadual Paulista (UNESP)<\/li>\n<\/ul>\n\n\n\n<p>S\u00e3o tr\u00eas pesquisadores que possuem vasta experi\u00eancia e s\u00e3o l\u00edderes reconhecidos em suas respectivas \u00e1reas de especializa\u00e7\u00e3o.<\/p>\n\n\n\n<p>Contamos com o seu apoio para a divulga\u00e7\u00e3o desta mensagem em toda a nossa rede.<\/p>\n\n\n\n<p>Com cordiais&nbsp;sauda\u00e7\u00f5es,<br>Diretoria da ABEPRO<br>Gest\u00e3o&nbsp;2024\/2025<\/p>\n","protected":false},"excerpt":{"rendered":"<p>Prezada Comunidade de Engenharia de Produ\u00e7\u00e3o, A Associa\u00e7\u00e3o Brasileira de Engenharia de Produ\u00e7\u00e3o (ABEPRO) tem o prazer de comunicar que, mantendo nosso compromisso com a transpar\u00eancia e a participa\u00e7\u00e3o ativa da nossa comunidade, conduzimos um processo para ouvir a comunidade acad\u00eamica de Engenharia de Produ\u00e7\u00e3o, envolvendo a consulta direta aos nossos Associados, Coordenadores de Programas [&hellip;]<\/p>\n","protected":false},"author":1,"featured_media":5166,"comment_status":"open","ping_status":"open","sticky":false,"template":"","format":"standard","meta":{"footnotes":""},"categories":[6],"tags":[],"class_list":["post-5165","post","type-post","status-publish","format-standard","has-post-thumbnail","hentry","category-noticias"],"_links":{"self":[{"href":"https:\/\/portal.abepro.org.br\/abepro2025\/wp-json\/wp\/v2\/posts\/5165","targetHints":{"allow":["GET"]}}],"collection":[{"href":"https:\/\/portal.abepro.org.br\/abepro2025\/wp-json\/wp\/v2\/posts"}],"about":[{"href":"https:\/\/portal.abepro.org.br\/abepro2025\/wp-json\/wp\/v2\/types\/post"}],"author":[{"embeddable":true,"href":"https:\/\/portal.abepro.org.br\/abepro2025\/wp-json\/wp\/v2\/users\/1"}],"replies":[{"embeddable":true,"href":"https:\/\/portal.abepro.org.br\/abepro2025\/wp-json\/wp\/v2\/comments?post=5165"}],"version-history":[{"count":0,"href":"https:\/\/portal.abepro.org.br\/abepro2025\/wp-json\/wp\/v2\/posts\/5165\/revisions"}],"wp:featuredmedia":[{"embeddable":true,"href":"https:\/\/portal.abepro.org.br\/abepro2025\/wp-json\/wp\/v2\/media\/5166"}],"wp:attachment":[{"href":"https:\/\/portal.abepro.org.br\/abepro2025\/wp-json\/wp\/v2\/media?parent=5165"}],"wp:term":[{"taxonomy":"category","embeddable":true,"href":"https:\/\/portal.abepro.org.br\/abepro2025\/wp-json\/wp\/v2\/categories?post=5165"},{"taxonomy":"post_tag","embeddable":true,"href":"https:\/\/portal.abepro.org.br\/abepro2025\/wp-json\/wp\/v2\/tags?post=5165"}],"curies":[{"name":"wp","href":"https:\/\/api.w.org\/{rel}","templated":true}]}}