{"id":5176,"date":"2024-04-02T15:24:57","date_gmt":"2024-04-02T18:24:57","guid":{"rendered":"https:\/\/portal.abepro.org.br\/abepro2024\/?p=5176"},"modified":"2024-04-02T15:24:57","modified_gmt":"2024-04-02T18:24:57","slug":"unicamp-abre-concurso-para-professor-doutor","status":"publish","type":"post","link":"https:\/\/portal.abepro.org.br\/abepro2025\/unicamp-abre-concurso-para-professor-doutor\/","title":{"rendered":"UNICAMP abre concurso para Professor Doutor"},"content":{"rendered":"\n<p>A Faculdade de Ci\u00eancias Aplicadas da Universidade Estadual de Campinas (Unicamp) lan\u00e7ou concurso p\u00fablico para Professor Doutor. Vagas dispon\u00edveis para Engenharia de Produ\u00e7\u00e3o (Projeto de F\u00e1brica, Planejamento e Controle da Produ\u00e7\u00e3o, Sistemas Produtivos, Metrologia Industrial) e Engenharia de Manufatura (Intelig\u00eancia Artificial Aplicada \u00e0 Engenharia, C\u00e1lculo I, Geometria Anal\u00edtica e \u00c1lgebra Linear, Algoritmos e Programa\u00e7\u00e3o de Computadores, Pesquisa Operacional I).<\/p>\n\n\n\n<p>Para mais informa\u00e7\u00f5es, consulte o Edital:<img decoding=\"async\" class=\"wp-image-5178\" style=\"width: NaNpx;\" src=\"https:\/\/portal.abepro.org.br\/abepro2025\/wp-content\/uploads\/2024\/04\/Edital_de_abertura_06_2024.docx_3698860-1.pdf\" alt=\"\"><img decoding=\"async\" class=\"wp-image-5177\" style=\"width: NaNpx;\" src=\"https:\/\/portal.abepro.org.br\/abepro2025\/wp-content\/uploads\/2024\/04\/Edital_de_abertura_06_2024.docx_3698860.pdf\" alt=\"\"><\/p>\n\n\n\n<figure class=\"wp-block-image aligncenter size-large is-resized\"><a href=\"https:\/\/portal.abepro.org.br\/abepro2025\/wp-content\/uploads\/2024\/04\/Edital_de_abertura_06_2024.docx_3698860-4.pdf\"><img fetchpriority=\"high\" decoding=\"async\" width=\"1024\" height=\"576\" src=\"https:\/\/portal.abepro.org.br\/abepro2025\/wp-content\/uploads\/2024\/04\/Design-sem-nome-4-1024x576.png\" alt=\"\" class=\"wp-image-5185\" style=\"width:285px;height:auto\" srcset=\"https:\/\/portal.abepro.org.br\/abepro2025\/wp-content\/uploads\/2024\/04\/Design-sem-nome-4-1024x576.png 1024w, https:\/\/portal.abepro.org.br\/abepro2025\/wp-content\/uploads\/2024\/04\/Design-sem-nome-4-300x169.png 300w, https:\/\/portal.abepro.org.br\/abepro2025\/wp-content\/uploads\/2024\/04\/Design-sem-nome-4-768x432.png 768w, https:\/\/portal.abepro.org.br\/abepro2025\/wp-content\/uploads\/2024\/04\/Design-sem-nome-4-1536x864.png 1536w, https:\/\/portal.abepro.org.br\/abepro2025\/wp-content\/uploads\/2024\/04\/Design-sem-nome-4.png 1920w\" sizes=\"(max-width: 1024px) 100vw, 1024px\" \/><\/a><\/figure>\n","protected":false},"excerpt":{"rendered":"<p>A Faculdade de Ci\u00eancias Aplicadas da Universidade Estadual de Campinas (Unicamp) lan\u00e7ou concurso p\u00fablico para Professor Doutor. Vagas dispon\u00edveis para Engenharia de Produ\u00e7\u00e3o (Projeto de F\u00e1brica, Planejamento e Controle da Produ\u00e7\u00e3o, Sistemas Produtivos, Metrologia Industrial) e Engenharia de Manufatura (Intelig\u00eancia Artificial Aplicada \u00e0 Engenharia, C\u00e1lculo I, Geometria Anal\u00edtica e \u00c1lgebra Linear, Algoritmos e Programa\u00e7\u00e3o de [&hellip;]<\/p>\n","protected":false},"author":1,"featured_media":5183,"comment_status":"open","ping_status":"open","sticky":false,"template":"","format":"standard","meta":{"footnotes":""},"categories":[6],"tags":[],"class_list":["post-5176","post","type-post","status-publish","format-standard","has-post-thumbnail","hentry","category-noticias"],"_links":{"self":[{"href":"https:\/\/portal.abepro.org.br\/abepro2025\/wp-json\/wp\/v2\/posts\/5176","targetHints":{"allow":["GET"]}}],"collection":[{"href":"https:\/\/portal.abepro.org.br\/abepro2025\/wp-json\/wp\/v2\/posts"}],"about":[{"href":"https:\/\/portal.abepro.org.br\/abepro2025\/wp-json\/wp\/v2\/types\/post"}],"author":[{"embeddable":true,"href":"https:\/\/portal.abepro.org.br\/abepro2025\/wp-json\/wp\/v2\/users\/1"}],"replies":[{"embeddable":true,"href":"https:\/\/portal.abepro.org.br\/abepro2025\/wp-json\/wp\/v2\/comments?post=5176"}],"version-history":[{"count":0,"href":"https:\/\/portal.abepro.org.br\/abepro2025\/wp-json\/wp\/v2\/posts\/5176\/revisions"}],"wp:featuredmedia":[{"embeddable":true,"href":"https:\/\/portal.abepro.org.br\/abepro2025\/wp-json\/wp\/v2\/media\/5183"}],"wp:attachment":[{"href":"https:\/\/portal.abepro.org.br\/abepro2025\/wp-json\/wp\/v2\/media?parent=5176"}],"wp:term":[{"taxonomy":"category","embeddable":true,"href":"https:\/\/portal.abepro.org.br\/abepro2025\/wp-json\/wp\/v2\/categories?post=5176"},{"taxonomy":"post_tag","embeddable":true,"href":"https:\/\/portal.abepro.org.br\/abepro2025\/wp-json\/wp\/v2\/tags?post=5176"}],"curies":[{"name":"wp","href":"https:\/\/api.w.org\/{rel}","templated":true}]}}