{"id":5189,"date":"2024-04-03T09:40:56","date_gmt":"2024-04-03T12:40:56","guid":{"rendered":"https:\/\/portal.abepro.org.br\/abepro2024\/?p=5189"},"modified":"2024-04-03T09:40:56","modified_gmt":"2024-04-03T12:40:56","slug":"pos-doutorado-em-administracao-na-ufersa","status":"publish","type":"post","link":"https:\/\/portal.abepro.org.br\/abepro2025\/pos-doutorado-em-administracao-na-ufersa\/","title":{"rendered":"P\u00f3s-Doutorado em Administra\u00e7\u00e3o na UFERSA"},"content":{"rendered":"\n<p>O <strong>Programa de P\u00f3s-Gradua\u00e7\u00e3o em Administra\u00e7\u00e3o (PPGA) <\/strong>da UFERSA oferece duas bolsas de p\u00f3s-doutorado pela CAPES, atrav\u00e9s do edital do Programa de Desenvolvimento da P\u00f3s-Gradua\u00e7\u00e3o (PDPG) \u2013 P\u00f3s-Doutorado Estrat\u00e9gico.<\/p>\n\n\n\n<p><strong>Inscri\u00e7\u00f5es:<\/strong> 12\/03\/2024 a 12\/04\/2024.<\/p>\n\n\n\n<p>Para mais informa\u00e7\u00f5es, consulte o edital ou visite a p\u00e1gina do <a href=\"https:\/\/ppga.ufersa.edu.br\/processo-seletivo-de-bolsista-de-pos-doutorado-capes-2024\/\">PPGA.<\/a><\/p>\n","protected":false},"excerpt":{"rendered":"<p>O Programa de P\u00f3s-Gradua\u00e7\u00e3o em Administra\u00e7\u00e3o (PPGA) da UFERSA oferece duas bolsas de p\u00f3s-doutorado pela CAPES, atrav\u00e9s do edital do Programa de Desenvolvimento da P\u00f3s-Gradua\u00e7\u00e3o (PDPG) \u2013 P\u00f3s-Doutorado Estrat\u00e9gico. Inscri\u00e7\u00f5es: 12\/03\/2024 a 12\/04\/2024. Para mais informa\u00e7\u00f5es, consulte o edital ou visite a p\u00e1gina do PPGA.<\/p>\n","protected":false},"author":1,"featured_media":5190,"comment_status":"open","ping_status":"open","sticky":false,"template":"","format":"standard","meta":{"footnotes":""},"categories":[6],"tags":[],"class_list":["post-5189","post","type-post","status-publish","format-standard","has-post-thumbnail","hentry","category-noticias"],"_links":{"self":[{"href":"https:\/\/portal.abepro.org.br\/abepro2025\/wp-json\/wp\/v2\/posts\/5189","targetHints":{"allow":["GET"]}}],"collection":[{"href":"https:\/\/portal.abepro.org.br\/abepro2025\/wp-json\/wp\/v2\/posts"}],"about":[{"href":"https:\/\/portal.abepro.org.br\/abepro2025\/wp-json\/wp\/v2\/types\/post"}],"author":[{"embeddable":true,"href":"https:\/\/portal.abepro.org.br\/abepro2025\/wp-json\/wp\/v2\/users\/1"}],"replies":[{"embeddable":true,"href":"https:\/\/portal.abepro.org.br\/abepro2025\/wp-json\/wp\/v2\/comments?post=5189"}],"version-history":[{"count":0,"href":"https:\/\/portal.abepro.org.br\/abepro2025\/wp-json\/wp\/v2\/posts\/5189\/revisions"}],"wp:featuredmedia":[{"embeddable":true,"href":"https:\/\/portal.abepro.org.br\/abepro2025\/wp-json\/wp\/v2\/media\/5190"}],"wp:attachment":[{"href":"https:\/\/portal.abepro.org.br\/abepro2025\/wp-json\/wp\/v2\/media?parent=5189"}],"wp:term":[{"taxonomy":"category","embeddable":true,"href":"https:\/\/portal.abepro.org.br\/abepro2025\/wp-json\/wp\/v2\/categories?post=5189"},{"taxonomy":"post_tag","embeddable":true,"href":"https:\/\/portal.abepro.org.br\/abepro2025\/wp-json\/wp\/v2\/tags?post=5189"}],"curies":[{"name":"wp","href":"https:\/\/api.w.org\/{rel}","templated":true}]}}