{"id":5197,"date":"2024-04-12T16:59:33","date_gmt":"2024-04-12T19:59:33","guid":{"rendered":"https:\/\/portal.abepro.org.br\/abepro2024\/?p=5197"},"modified":"2024-04-12T16:59:33","modified_gmt":"2024-04-12T19:59:33","slug":"mec-cria-programa-move-la-america","status":"publish","type":"post","link":"https:\/\/portal.abepro.org.br\/abepro2025\/mec-cria-programa-move-la-america\/","title":{"rendered":"MEC cria Programa Move La Am\u00e9rica"},"content":{"rendered":"\n<p class=\"has-text-align-center\"><strong>\u00a0Iniciativa oferecer\u00e1 300 bolsas de mestrado-sandu\u00edche e 200 de doutorado-sandu\u00edche. Objetivo \u00e9 atrair pesquisadores da <\/strong><br><strong>Am\u00e9rica Latina e do Caribe<\/strong><\/p>\n\n\n\n<p>A fim\u00a0de atrair pesquisadores da\u00a0Am\u00e9rica\u00a0Latina e do Caribe\u00a0e apoiar a\u00a0internacionaliza\u00e7\u00e3o da p\u00f3s-gradua\u00e7\u00e3o brasileira, o Minist\u00e9rio da Educa\u00e7\u00e3o (MEC)\u00a0\u2014\u00a0por meio da\u00a0Coordena\u00e7\u00e3o\u00a0de Aperfei\u00e7oamento\u00a0de Pessoal\u00a0de N\u00edvel Superior\u00a0(Capes)\u00a0\u2014\u00a0criou o\u00a0<a href=\"https:\/\/www.gov.br\/capes\/pt-br\/acesso-a-informacao\/acoes-e-programas\/bolsas\/bolsas-e-auxilios-internacionais\/encontre-aqui\/paises\/multinacional\/programa-move-la-america\" target=\"_blank\" rel=\"noreferrer noopener\">Programa Move La Am\u00e9rica<\/a>.\u00a0A\u00a0iniciativa ter\u00e1 a\u00a0<a href=\"https:\/\/www.gov.br\/capes\/pt-br\/centrais-de-conteudo\/editais\/22032024_Edital_2345727_SEI_2344125_Edital_07_2024.pdf\" target=\"_blank\" rel=\"noreferrer noopener\">primeira sele\u00e7\u00e3o<\/a>\u00a0j\u00e1 em 2024, com a concess\u00e3o de 300\u00a0bolsas de mestrado-sandu\u00edche e\u00a0200 de\u00a0doutorado-sandu\u00edche para\u00a0que estudantes\u00a0dos outros pa\u00edses da\u00a0regi\u00e3o\u00a0complementem\u00a0seus estudos no Brasil.\u00a0\u00a0<\/p>\n\n\n\n<p>Os\u00a0intuitos\u00a0do\u00a0programa incluem apoiar e fortalecer programas de coopera\u00e7\u00e3o\u00a0entre institui\u00e7\u00f5es de dentro e de fora do Pa\u00eds;\u00a0dar mais\u00a0visibilidade \u00e0 produ\u00e7\u00e3o cient\u00edfica nacional;\u00a0e incentivar parcerias entre pesquisadores do Brasil e do exterior.\u00a0O\u00a0programa foi criado pela\u00a0<a href=\"http:\/\/cad.capes.gov.br\/ato-administrativo-detalhar?idAtoAdmElastic=14443#anchor\" target=\"_blank\" rel=\"noreferrer noopener\">Portaria n\u00ba 84\/2024<\/a>;\u00a0e a sele\u00e7\u00e3o, lan\u00e7ada pelo\u00a0<a href=\"https:\/\/www.in.gov.br\/web\/dou\/-\/edital-n-7\/2024-549686254\" target=\"_blank\" rel=\"noreferrer noopener\">Edital n\u00ba 7\/2024<\/a>.\u00a0Ambos\u00a0foram\u00a0publicados no Di\u00e1rio Oficial da Uni\u00e3o\u00a0(DOU) e no\u00a0portal da Capes, que \u00e9 uma das autarquias do MEC.\u00a0 <\/p>\n\n\n\n<p>Mais Informa\u00e7\u00f5es: <a href=\"https:\/\/www.gov.br\/mec\/pt-br\/assuntos\/noticias\/2024\/abril\/mec-cria-programa-move-la-america\">https:\/\/www.gov.br\/mec\/pt-br\/assuntos\/noticias\/2024\/abril\/mec-cria-programa-move-la-america<\/a><\/p>\n","protected":false},"excerpt":{"rendered":"<p>\u00a0Iniciativa oferecer\u00e1 300 bolsas de mestrado-sandu\u00edche e 200 de doutorado-sandu\u00edche. Objetivo \u00e9 atrair pesquisadores da Am\u00e9rica Latina e do Caribe A fim\u00a0de atrair pesquisadores da\u00a0Am\u00e9rica\u00a0Latina e do Caribe\u00a0e apoiar a\u00a0internacionaliza\u00e7\u00e3o da p\u00f3s-gradua\u00e7\u00e3o brasileira, o Minist\u00e9rio da Educa\u00e7\u00e3o (MEC)\u00a0\u2014\u00a0por meio da\u00a0Coordena\u00e7\u00e3o\u00a0de Aperfei\u00e7oamento\u00a0de Pessoal\u00a0de N\u00edvel Superior\u00a0(Capes)\u00a0\u2014\u00a0criou o\u00a0Programa Move La Am\u00e9rica.\u00a0A\u00a0iniciativa ter\u00e1 a\u00a0primeira sele\u00e7\u00e3o\u00a0j\u00e1 em 2024, com a [&hellip;]<\/p>\n","protected":false},"author":1,"featured_media":5198,"comment_status":"open","ping_status":"open","sticky":false,"template":"","format":"standard","meta":{"footnotes":""},"categories":[6],"tags":[],"class_list":["post-5197","post","type-post","status-publish","format-standard","has-post-thumbnail","hentry","category-noticias"],"_links":{"self":[{"href":"https:\/\/portal.abepro.org.br\/abepro2025\/wp-json\/wp\/v2\/posts\/5197","targetHints":{"allow":["GET"]}}],"collection":[{"href":"https:\/\/portal.abepro.org.br\/abepro2025\/wp-json\/wp\/v2\/posts"}],"about":[{"href":"https:\/\/portal.abepro.org.br\/abepro2025\/wp-json\/wp\/v2\/types\/post"}],"author":[{"embeddable":true,"href":"https:\/\/portal.abepro.org.br\/abepro2025\/wp-json\/wp\/v2\/users\/1"}],"replies":[{"embeddable":true,"href":"https:\/\/portal.abepro.org.br\/abepro2025\/wp-json\/wp\/v2\/comments?post=5197"}],"version-history":[{"count":0,"href":"https:\/\/portal.abepro.org.br\/abepro2025\/wp-json\/wp\/v2\/posts\/5197\/revisions"}],"wp:featuredmedia":[{"embeddable":true,"href":"https:\/\/portal.abepro.org.br\/abepro2025\/wp-json\/wp\/v2\/media\/5198"}],"wp:attachment":[{"href":"https:\/\/portal.abepro.org.br\/abepro2025\/wp-json\/wp\/v2\/media?parent=5197"}],"wp:term":[{"taxonomy":"category","embeddable":true,"href":"https:\/\/portal.abepro.org.br\/abepro2025\/wp-json\/wp\/v2\/categories?post=5197"},{"taxonomy":"post_tag","embeddable":true,"href":"https:\/\/portal.abepro.org.br\/abepro2025\/wp-json\/wp\/v2\/tags?post=5197"}],"curies":[{"name":"wp","href":"https:\/\/api.w.org\/{rel}","templated":true}]}}