{"id":5207,"date":"2024-04-25T08:33:38","date_gmt":"2024-04-25T11:33:38","guid":{"rendered":"https:\/\/portal.abepro.org.br\/abepro2024\/?p=5207"},"modified":"2024-04-25T08:33:38","modified_gmt":"2024-04-25T11:33:38","slug":"poli-usp-abre-vagas-para-professora-doutora-em-engenharia-de-producao","status":"publish","type":"post","link":"https:\/\/portal.abepro.org.br\/abepro2025\/poli-usp-abre-vagas-para-professora-doutora-em-engenharia-de-producao\/","title":{"rendered":"Poli-USP Abre Vagas para Professor(a) Doutor(a) em Engenharia de Produ\u00e7\u00e3o"},"content":{"rendered":"\n<p>A Escola Polit\u00e9cnica da Universidade de S\u00e3o Paulo (Poli-USP) est\u00e1 com inscri\u00e7\u00f5es abertas, at\u00e9 06\/06\/2024, para quatro vagas de Professor(a) Doutor(a) em tempo integral no Departamento de Engenharia de Produ\u00e7\u00e3o.<\/p>\n\n\n\n<p>Duas vagas s\u00e3o para &#8220;Inova\u00e7\u00e3o, Sustentabilidade, Estrat\u00e9gia e Gest\u00e3o&#8221; e outras duas para &#8220;Modelagem de Dados e da Decis\u00e3o e Transforma\u00e7\u00e3o Digital &amp; Ind\u00fastria 4.0&#8221;.<\/p>\n\n\n\n<p>Para mais informa\u00e7\u00f5es, consulte os editais ou contate <a href=\"mailto:svorcc.poli@usp.br\">svorcc.poli@usp.br<\/a>.<\/p>\n\n\n\n<p>Editais: <a href=\"https:\/\/bit.ly\/4atvC9p\">https:\/\/bit.ly\/4atvC9p<\/a> \/ <a href=\"https:\/\/bit.ly\/3VSRq9V\">https:\/\/bit.ly\/3VSRq9V<\/a><\/p>\n","protected":false},"excerpt":{"rendered":"<p>A Escola Polit\u00e9cnica da Universidade de S\u00e3o Paulo (Poli-USP) est\u00e1 com inscri\u00e7\u00f5es abertas, at\u00e9 06\/06\/2024, para quatro vagas de Professor(a) Doutor(a) em tempo integral no Departamento de Engenharia de Produ\u00e7\u00e3o. Duas vagas s\u00e3o para &#8220;Inova\u00e7\u00e3o, Sustentabilidade, Estrat\u00e9gia e Gest\u00e3o&#8221; e outras duas para &#8220;Modelagem de Dados e da Decis\u00e3o e Transforma\u00e7\u00e3o Digital &amp; Ind\u00fastria 4.0&#8221;. [&hellip;]<\/p>\n","protected":false},"author":1,"featured_media":5208,"comment_status":"open","ping_status":"open","sticky":false,"template":"","format":"standard","meta":{"footnotes":""},"categories":[6],"tags":[],"class_list":["post-5207","post","type-post","status-publish","format-standard","has-post-thumbnail","hentry","category-noticias"],"_links":{"self":[{"href":"https:\/\/portal.abepro.org.br\/abepro2025\/wp-json\/wp\/v2\/posts\/5207","targetHints":{"allow":["GET"]}}],"collection":[{"href":"https:\/\/portal.abepro.org.br\/abepro2025\/wp-json\/wp\/v2\/posts"}],"about":[{"href":"https:\/\/portal.abepro.org.br\/abepro2025\/wp-json\/wp\/v2\/types\/post"}],"author":[{"embeddable":true,"href":"https:\/\/portal.abepro.org.br\/abepro2025\/wp-json\/wp\/v2\/users\/1"}],"replies":[{"embeddable":true,"href":"https:\/\/portal.abepro.org.br\/abepro2025\/wp-json\/wp\/v2\/comments?post=5207"}],"version-history":[{"count":0,"href":"https:\/\/portal.abepro.org.br\/abepro2025\/wp-json\/wp\/v2\/posts\/5207\/revisions"}],"wp:featuredmedia":[{"embeddable":true,"href":"https:\/\/portal.abepro.org.br\/abepro2025\/wp-json\/wp\/v2\/media\/5208"}],"wp:attachment":[{"href":"https:\/\/portal.abepro.org.br\/abepro2025\/wp-json\/wp\/v2\/media?parent=5207"}],"wp:term":[{"taxonomy":"category","embeddable":true,"href":"https:\/\/portal.abepro.org.br\/abepro2025\/wp-json\/wp\/v2\/categories?post=5207"},{"taxonomy":"post_tag","embeddable":true,"href":"https:\/\/portal.abepro.org.br\/abepro2025\/wp-json\/wp\/v2\/tags?post=5207"}],"curies":[{"name":"wp","href":"https:\/\/api.w.org\/{rel}","templated":true}]}}