{"id":5218,"date":"2024-05-02T11:32:51","date_gmt":"2024-05-02T14:32:51","guid":{"rendered":"https:\/\/portal.abepro.org.br\/abepro2024\/?p=5218"},"modified":"2024-05-02T11:32:51","modified_gmt":"2024-05-02T14:32:51","slug":"nota-de-solidariedade-da-abepro-as-vitimas-das-fortes-chuvas-no-rio-grande-do-sul","status":"publish","type":"post","link":"https:\/\/portal.abepro.org.br\/abepro2025\/nota-de-solidariedade-da-abepro-as-vitimas-das-fortes-chuvas-no-rio-grande-do-sul\/","title":{"rendered":"Nota de Solidariedade da ABEPRO \u00e0s V\u00edtimas das Fortes Chuvas no Rio Grande do Sul"},"content":{"rendered":"\n<p>A Associa\u00e7\u00e3o Brasileira de Engenharia de Produ\u00e7\u00e3o (ABEPRO) expressa sua solidariedade \u00e0s pessoas impactadas pelas fortes chuvas que t\u00eam assolado o estado do Rio Grande do Sul, que em breve ser\u00e1 sede do ENEGEP 2024. Desde segunda-feira, estamos cientes das dificuldades enfrentadas devido \u00e0s perdas de vidas e desalojamentos, e queremos manifestar nossa mais profunda empatia \u00e0s v\u00edtimas, suas fam\u00edlias e todos os afetados por essa situa\u00e7\u00e3o.<\/p>\n\n\n\n<p>Estamos mobilizando esfor\u00e7os para iniciar o ENEGEP Social o mais rapidamente poss\u00edvel, contando com o apoio da comunidade de Engenharia de Produ\u00e7\u00e3o para contribuir da melhor forma poss\u00edvel. Em breve, divulgaremos como cada pessoa, de qualquer parte do pa\u00eds, pode tamb\u00e9m fazer a diferen\u00e7a neste momento crucial.<\/p>\n\n\n\n<p>Que a uni\u00e3o e a solidariedade da nossa comunidade sirvam como um s\u00edmbolo de esperan\u00e7a nesses tempos dif\u00edceis.<br>Nossos pensamentos est\u00e3o com todos os ga\u00fachos e ga\u00fachas neste momento desafiador.<\/p>\n\n\n\n<p>Com sincera solidariedade,<\/p>\n\n\n\n<p>Diretoria ABEPRO<br>Associa\u00e7\u00e3o Brasileira de Engenharia de Produ\u00e7\u00e3o<\/p>\n","protected":false},"excerpt":{"rendered":"<p>A Associa\u00e7\u00e3o Brasileira de Engenharia de Produ\u00e7\u00e3o (ABEPRO) expressa sua solidariedade \u00e0s pessoas impactadas pelas fortes chuvas que t\u00eam assolado o estado do Rio Grande do Sul, que em breve ser\u00e1 sede do ENEGEP 2024. Desde segunda-feira, estamos cientes das dificuldades enfrentadas devido \u00e0s perdas de vidas e desalojamentos, e queremos manifestar nossa mais profunda [&hellip;]<\/p>\n","protected":false},"author":1,"featured_media":5219,"comment_status":"open","ping_status":"open","sticky":false,"template":"","format":"standard","meta":{"footnotes":""},"categories":[6],"tags":[],"class_list":["post-5218","post","type-post","status-publish","format-standard","has-post-thumbnail","hentry","category-noticias"],"_links":{"self":[{"href":"https:\/\/portal.abepro.org.br\/abepro2025\/wp-json\/wp\/v2\/posts\/5218","targetHints":{"allow":["GET"]}}],"collection":[{"href":"https:\/\/portal.abepro.org.br\/abepro2025\/wp-json\/wp\/v2\/posts"}],"about":[{"href":"https:\/\/portal.abepro.org.br\/abepro2025\/wp-json\/wp\/v2\/types\/post"}],"author":[{"embeddable":true,"href":"https:\/\/portal.abepro.org.br\/abepro2025\/wp-json\/wp\/v2\/users\/1"}],"replies":[{"embeddable":true,"href":"https:\/\/portal.abepro.org.br\/abepro2025\/wp-json\/wp\/v2\/comments?post=5218"}],"version-history":[{"count":0,"href":"https:\/\/portal.abepro.org.br\/abepro2025\/wp-json\/wp\/v2\/posts\/5218\/revisions"}],"wp:featuredmedia":[{"embeddable":true,"href":"https:\/\/portal.abepro.org.br\/abepro2025\/wp-json\/wp\/v2\/media\/5219"}],"wp:attachment":[{"href":"https:\/\/portal.abepro.org.br\/abepro2025\/wp-json\/wp\/v2\/media?parent=5218"}],"wp:term":[{"taxonomy":"category","embeddable":true,"href":"https:\/\/portal.abepro.org.br\/abepro2025\/wp-json\/wp\/v2\/categories?post=5218"},{"taxonomy":"post_tag","embeddable":true,"href":"https:\/\/portal.abepro.org.br\/abepro2025\/wp-json\/wp\/v2\/tags?post=5218"}],"curies":[{"name":"wp","href":"https:\/\/api.w.org\/{rel}","templated":true}]}}