{"id":5238,"date":"2024-05-09T09:08:05","date_gmt":"2024-05-09T12:08:05","guid":{"rendered":"https:\/\/portal.abepro.org.br\/abepro2024\/?p=5238"},"modified":"2024-05-09T09:08:05","modified_gmt":"2024-05-09T12:08:05","slug":"inscricoes-abertas-para-mestrado-em-engenharia-de-producao-e-sistemas-na-utfpr-pato-branco-2","status":"publish","type":"post","link":"https:\/\/portal.abepro.org.br\/abepro2025\/inscricoes-abertas-para-mestrado-em-engenharia-de-producao-e-sistemas-na-utfpr-pato-branco-2\/","title":{"rendered":"Inscri\u00e7\u00f5es Abertas para Mestrado em Engenharia de Produ\u00e7\u00e3o e Sistemas na UTFPR &#8211; Pato Branco"},"content":{"rendered":"\n<p>Est\u00e3o abertas as inscri\u00e7\u00f5es para o Mestrado em Engenharia de Produ\u00e7\u00e3o e Sistemas na Universidade Tecnol\u00f3gica Federal do Paran\u00e1 &#8211; Pato Branco, com in\u00edcio das aulas previsto para o segundo semestre de 2024.<\/p>\n\n\n\n<p>O programa oferece flexibilidade com disciplinas remotas e noturnas, visando atender \u00e0s necessidades dos alunos.<\/p>\n\n\n\n<p>As \u00e1reas de estudo incluem m\u00e9todos de aprendizado de m\u00e1quina, pesquisa operacional, gest\u00e3o de energia, entre outros temas.<\/p>\n\n\n\n<p>O edital de sele\u00e7\u00e3o pode ser acessado aqui: <a href=\"https:\/\/sei.utfpr.edu.br\/sei\/publicacoes\/controlador_publicacoes.php?acao=publicacao_visualizar&amp;id_documento=4539021&amp;id_orgao_publicacao=0\">https:\/\/sei.utfpr.edu.br\/sei\/publicacoes\/controlador_publicacoes.php?acao=publicacao_visualizar&amp;id_documento=4539021&amp;id_orgao_publicacao=0<\/a><\/p>\n","protected":false},"excerpt":{"rendered":"<p>Est\u00e3o abertas as inscri\u00e7\u00f5es para o Mestrado em Engenharia de Produ\u00e7\u00e3o e Sistemas na Universidade Tecnol\u00f3gica Federal do Paran\u00e1 &#8211; Pato Branco, com in\u00edcio das aulas previsto para o segundo semestre de 2024. O programa oferece flexibilidade com disciplinas remotas e noturnas, visando atender \u00e0s necessidades dos alunos. As \u00e1reas de estudo incluem m\u00e9todos de [&hellip;]<\/p>\n","protected":false},"author":1,"featured_media":5239,"comment_status":"open","ping_status":"open","sticky":false,"template":"","format":"standard","meta":{"footnotes":""},"categories":[6],"tags":[],"class_list":["post-5238","post","type-post","status-publish","format-standard","has-post-thumbnail","hentry","category-noticias"],"_links":{"self":[{"href":"https:\/\/portal.abepro.org.br\/abepro2025\/wp-json\/wp\/v2\/posts\/5238","targetHints":{"allow":["GET"]}}],"collection":[{"href":"https:\/\/portal.abepro.org.br\/abepro2025\/wp-json\/wp\/v2\/posts"}],"about":[{"href":"https:\/\/portal.abepro.org.br\/abepro2025\/wp-json\/wp\/v2\/types\/post"}],"author":[{"embeddable":true,"href":"https:\/\/portal.abepro.org.br\/abepro2025\/wp-json\/wp\/v2\/users\/1"}],"replies":[{"embeddable":true,"href":"https:\/\/portal.abepro.org.br\/abepro2025\/wp-json\/wp\/v2\/comments?post=5238"}],"version-history":[{"count":0,"href":"https:\/\/portal.abepro.org.br\/abepro2025\/wp-json\/wp\/v2\/posts\/5238\/revisions"}],"wp:featuredmedia":[{"embeddable":true,"href":"https:\/\/portal.abepro.org.br\/abepro2025\/wp-json\/wp\/v2\/media\/5239"}],"wp:attachment":[{"href":"https:\/\/portal.abepro.org.br\/abepro2025\/wp-json\/wp\/v2\/media?parent=5238"}],"wp:term":[{"taxonomy":"category","embeddable":true,"href":"https:\/\/portal.abepro.org.br\/abepro2025\/wp-json\/wp\/v2\/categories?post=5238"},{"taxonomy":"post_tag","embeddable":true,"href":"https:\/\/portal.abepro.org.br\/abepro2025\/wp-json\/wp\/v2\/tags?post=5238"}],"curies":[{"name":"wp","href":"https:\/\/api.w.org\/{rel}","templated":true}]}}