{"id":5244,"date":"2024-05-13T01:55:10","date_gmt":"2024-05-13T04:55:10","guid":{"rendered":"https:\/\/portal.abepro.org.br\/abepro2024\/?p=5244"},"modified":"2024-05-13T01:55:10","modified_gmt":"2024-05-13T04:55:10","slug":"concurso-para-professor-efetivo-na-ufpb-area-de-engenharia-da-qualidade","status":"publish","type":"post","link":"https:\/\/portal.abepro.org.br\/abepro2025\/concurso-para-professor-efetivo-na-ufpb-area-de-engenharia-da-qualidade\/","title":{"rendered":"Concurso para Professor Efetivo na UFPB: \u00c1rea de Engenharia da Qualidade"},"content":{"rendered":"\n<p>A Universidade Federal da Para\u00edba (UFPB) &#8211; Campus Jo\u00e3o Pessoa est\u00e1 com inscri\u00e7\u00f5es abertas para um concurso p\u00fablico destinado ao preenchimento de uma vaga para Professor Efetivo no Departamento de Engenharia de Produ\u00e7\u00e3o, na \u00e1rea de Engenharia da Qualidade.<\/p>\n\n\n\n<p>As inscri\u00e7\u00f5es estar\u00e3o dispon\u00edveis de 20 de maio a 20 de junho, e as provas ser\u00e3o realizadas a partir de 29 de julho, conforme o edital oficial:(<a href=\"http:\/\/www.in.gov.br\/web\/dou\/-\/edital-n-32-30-de-abril-de-2024-556958905\">http:\/\/www.in.gov.br\/web\/dou\/-\/edital-n-32-30-de-abril-de-2024-556958905<\/a>)<\/p>\n","protected":false},"excerpt":{"rendered":"<p>A Universidade Federal da Para\u00edba (UFPB) &#8211; Campus Jo\u00e3o Pessoa est\u00e1 com inscri\u00e7\u00f5es abertas para um concurso p\u00fablico destinado ao preenchimento de uma vaga para Professor Efetivo no Departamento de Engenharia de Produ\u00e7\u00e3o, na \u00e1rea de Engenharia da Qualidade. As inscri\u00e7\u00f5es estar\u00e3o dispon\u00edveis de 20 de maio a 20 de junho, e as provas ser\u00e3o [&hellip;]<\/p>\n","protected":false},"author":1,"featured_media":5245,"comment_status":"open","ping_status":"open","sticky":false,"template":"","format":"standard","meta":{"footnotes":""},"categories":[6],"tags":[],"class_list":["post-5244","post","type-post","status-publish","format-standard","has-post-thumbnail","hentry","category-noticias"],"_links":{"self":[{"href":"https:\/\/portal.abepro.org.br\/abepro2025\/wp-json\/wp\/v2\/posts\/5244","targetHints":{"allow":["GET"]}}],"collection":[{"href":"https:\/\/portal.abepro.org.br\/abepro2025\/wp-json\/wp\/v2\/posts"}],"about":[{"href":"https:\/\/portal.abepro.org.br\/abepro2025\/wp-json\/wp\/v2\/types\/post"}],"author":[{"embeddable":true,"href":"https:\/\/portal.abepro.org.br\/abepro2025\/wp-json\/wp\/v2\/users\/1"}],"replies":[{"embeddable":true,"href":"https:\/\/portal.abepro.org.br\/abepro2025\/wp-json\/wp\/v2\/comments?post=5244"}],"version-history":[{"count":0,"href":"https:\/\/portal.abepro.org.br\/abepro2025\/wp-json\/wp\/v2\/posts\/5244\/revisions"}],"wp:featuredmedia":[{"embeddable":true,"href":"https:\/\/portal.abepro.org.br\/abepro2025\/wp-json\/wp\/v2\/media\/5245"}],"wp:attachment":[{"href":"https:\/\/portal.abepro.org.br\/abepro2025\/wp-json\/wp\/v2\/media?parent=5244"}],"wp:term":[{"taxonomy":"category","embeddable":true,"href":"https:\/\/portal.abepro.org.br\/abepro2025\/wp-json\/wp\/v2\/categories?post=5244"},{"taxonomy":"post_tag","embeddable":true,"href":"https:\/\/portal.abepro.org.br\/abepro2025\/wp-json\/wp\/v2\/tags?post=5244"}],"curies":[{"name":"wp","href":"https:\/\/api.w.org\/{rel}","templated":true}]}}