{"id":5252,"date":"2024-05-13T19:12:02","date_gmt":"2024-05-13T22:12:02","guid":{"rendered":"https:\/\/portal.abepro.org.br\/abepro2024\/?p=5252"},"modified":"2024-05-13T19:12:02","modified_gmt":"2024-05-13T22:12:02","slug":"abepro-lamenta-o-falecimento-do-prof-samuel-jurkiewicz","status":"publish","type":"post","link":"https:\/\/portal.abepro.org.br\/abepro2025\/abepro-lamenta-o-falecimento-do-prof-samuel-jurkiewicz\/","title":{"rendered":"ABEPRO lamenta o falecimento do Prof. Samuel Jurkiewicz"},"content":{"rendered":"\t\t<div data-elementor-type=\"wp-post\" data-elementor-id=\"5252\" class=\"elementor elementor-5252\" data-elementor-post-type=\"post\">\n\t\t\t\t\t\t<section class=\"elementor-section elementor-top-section elementor-element elementor-element-39ac5d14 elementor-section-boxed elementor-section-height-default elementor-section-height-default\" data-id=\"39ac5d14\" data-element_type=\"section\">\n\t\t\t\t\t\t<div class=\"elementor-container elementor-column-gap-default\">\n\t\t\t\t\t<div class=\"elementor-column elementor-col-100 elementor-top-column elementor-element elementor-element-466404b8\" data-id=\"466404b8\" data-element_type=\"column\">\n\t\t\t<div class=\"elementor-widget-wrap elementor-element-populated\">\n\t\t\t\t\t\t<div class=\"elementor-element elementor-element-6e8b24d5 elementor-widget elementor-widget-text-editor\" data-id=\"6e8b24d5\" data-element_type=\"widget\" data-widget_type=\"text-editor.default\">\n\t\t\t\t<div class=\"elementor-widget-container\">\n\t\t\t\t\t\t\t\t\t\n<p>\u00c9 com profundo pesar que a Associa\u00e7\u00e3o Brasileira de Engenharia de Produ\u00e7\u00e3o (ABEPRO) comunica o falecimento do Professor Samuel Jurkiewicz.<\/p>\n<p>Professor Titular da Universidade Federal do Rio de Janeiro (UFRJ), Samuel foi um acad\u00eamico dedicado na \u00e1rea de grafos e um m\u00fasico talentoso. Ele foi tamb\u00e9m o primeiro presidente da Associa\u00e7\u00e3o Nacional de Programas de P\u00f3s-Gradua\u00e7\u00e3o em Engenharia de Produ\u00e7\u00e3o.<\/p>\n<p>Neste momento de tristeza, expressamos nossas mais sinceras condol\u00eancias \u00e0 sua fam\u00edlia, amigos e colegas. Sua mem\u00f3ria e legado continuar\u00e3o a inspirar a todos n\u00f3s na ABEPRO e na comunidade de Engenharia de Produ\u00e7\u00e3o em geral.<\/p>\n\n<p>\u00a0<\/p>\n\t\t\t\t\t\t\t\t<\/div>\n\t\t\t\t<\/div>\n\t\t\t\t\t<\/div>\n\t\t<\/div>\n\t\t\t\t\t<\/div>\n\t\t<\/section>\n\t\t\t\t<\/div>\n\t\t","protected":false},"excerpt":{"rendered":"<p>\u00c9 com profundo pesar que a Associa\u00e7\u00e3o Brasileira de Engenharia de Produ\u00e7\u00e3o (ABEPRO) comunica o falecimento do Professor Samuel Jurkiewicz.<\/p>\n<p>Professor Titular da Universidade Federal do Rio de Janeiro (UFRJ), Samuel foi um acad\u00eamico dedicado na \u00e1rea de grafos e um m\u00fasico talentoso.  Ele foi tamb\u00e9m o primeiro presidente da Associa\u00e7\u00e3o Nacional de Programas de P\u00f3s-Gradua\u00e7\u00e3o em Engenharia de Produ\u00e7\u00e3o.<\/p>\n<p>Neste momento de tristeza, expressamos nossas mais sinceras condol\u00eancias \u00e0 sua fam\u00edlia, amigos e colegas. Sua mem\u00f3ria e legado continuar\u00e3o a inspirar a todos n\u00f3s na ABEPRO e na comunidade de Engenharia de Produ\u00e7\u00e3o em geral.<\/p>\n","protected":false},"author":1,"featured_media":5253,"comment_status":"open","ping_status":"open","sticky":false,"template":"","format":"standard","meta":{"footnotes":""},"categories":[6],"tags":[],"class_list":["post-5252","post","type-post","status-publish","format-standard","has-post-thumbnail","hentry","category-noticias"],"_links":{"self":[{"href":"https:\/\/portal.abepro.org.br\/abepro2025\/wp-json\/wp\/v2\/posts\/5252","targetHints":{"allow":["GET"]}}],"collection":[{"href":"https:\/\/portal.abepro.org.br\/abepro2025\/wp-json\/wp\/v2\/posts"}],"about":[{"href":"https:\/\/portal.abepro.org.br\/abepro2025\/wp-json\/wp\/v2\/types\/post"}],"author":[{"embeddable":true,"href":"https:\/\/portal.abepro.org.br\/abepro2025\/wp-json\/wp\/v2\/users\/1"}],"replies":[{"embeddable":true,"href":"https:\/\/portal.abepro.org.br\/abepro2025\/wp-json\/wp\/v2\/comments?post=5252"}],"version-history":[{"count":0,"href":"https:\/\/portal.abepro.org.br\/abepro2025\/wp-json\/wp\/v2\/posts\/5252\/revisions"}],"wp:featuredmedia":[{"embeddable":true,"href":"https:\/\/portal.abepro.org.br\/abepro2025\/wp-json\/wp\/v2\/media\/5253"}],"wp:attachment":[{"href":"https:\/\/portal.abepro.org.br\/abepro2025\/wp-json\/wp\/v2\/media?parent=5252"}],"wp:term":[{"taxonomy":"category","embeddable":true,"href":"https:\/\/portal.abepro.org.br\/abepro2025\/wp-json\/wp\/v2\/categories?post=5252"},{"taxonomy":"post_tag","embeddable":true,"href":"https:\/\/portal.abepro.org.br\/abepro2025\/wp-json\/wp\/v2\/tags?post=5252"}],"curies":[{"name":"wp","href":"https:\/\/api.w.org\/{rel}","templated":true}]}}