{"id":5267,"date":"2024-05-24T11:11:05","date_gmt":"2024-05-24T14:11:05","guid":{"rendered":"https:\/\/portal.abepro.org.br\/abepro2024\/?p=5267"},"modified":"2024-05-24T11:11:05","modified_gmt":"2024-05-24T14:11:05","slug":"convite-para-lancamento-do-livro-do-prof-emerito-jose-eugenio-leal-puc-rio-2","status":"publish","type":"post","link":"https:\/\/portal.abepro.org.br\/abepro2025\/convite-para-lancamento-do-livro-do-prof-emerito-jose-eugenio-leal-puc-rio-2\/","title":{"rendered":"Convite para Lan\u00e7amento do Livro do Prof. Em\u00e9rito Jos\u00e9 Eugenio Leal &#8211; PUC -RIO"},"content":{"rendered":"\t\t<div data-elementor-type=\"wp-post\" data-elementor-id=\"5267\" class=\"elementor elementor-5267\" data-elementor-post-type=\"post\">\n\t\t\t\t\t\t<section class=\"elementor-section elementor-top-section elementor-element elementor-element-476c82d elementor-section-boxed elementor-section-height-default elementor-section-height-default\" data-id=\"476c82d\" data-element_type=\"section\">\n\t\t\t\t\t\t<div class=\"elementor-container elementor-column-gap-default\">\n\t\t\t\t\t<div class=\"elementor-column elementor-col-100 elementor-top-column elementor-element elementor-element-e37d8ac\" data-id=\"e37d8ac\" data-element_type=\"column\">\n\t\t\t<div class=\"elementor-widget-wrap elementor-element-populated\">\n\t\t\t\t\t\t<div class=\"elementor-element elementor-element-896480a elementor-widget elementor-widget-image\" data-id=\"896480a\" data-element_type=\"widget\" data-widget_type=\"image.default\">\n\t\t\t\t<div class=\"elementor-widget-container\">\n\t\t\t\t\t\t\t\t\t\t\t\t\t\t\t<img fetchpriority=\"high\" decoding=\"async\" width=\"800\" height=\"800\" src=\"https:\/\/portal.abepro.org.br\/abepro2025\/wp-content\/uploads\/2024\/05\/arte-lancamento-do-livro-1024x1024.png\" class=\"attachment-large size-large wp-image-5270\" alt=\"\" srcset=\"https:\/\/portal.abepro.org.br\/abepro2025\/wp-content\/uploads\/2024\/05\/arte-lancamento-do-livro-1024x1024.png 1024w, https:\/\/portal.abepro.org.br\/abepro2025\/wp-content\/uploads\/2024\/05\/arte-lancamento-do-livro-300x300.png 300w, https:\/\/portal.abepro.org.br\/abepro2025\/wp-content\/uploads\/2024\/05\/arte-lancamento-do-livro-150x150.png 150w, https:\/\/portal.abepro.org.br\/abepro2025\/wp-content\/uploads\/2024\/05\/arte-lancamento-do-livro-768x768.png 768w, https:\/\/portal.abepro.org.br\/abepro2025\/wp-content\/uploads\/2024\/05\/arte-lancamento-do-livro.png 1080w\" sizes=\"(max-width: 800px) 100vw, 800px\" \/>\t\t\t\t\t\t\t\t\t\t\t\t\t\t\t<\/div>\n\t\t\t\t<\/div>\n\t\t\t\t\t<\/div>\n\t\t<\/div>\n\t\t\t\t\t<\/div>\n\t\t<\/section>\n\t\t\t\t<\/div>\n\t\t","protected":false},"excerpt":{"rendered":"","protected":false},"author":1,"featured_media":5269,"comment_status":"open","ping_status":"open","sticky":false,"template":"","format":"standard","meta":{"footnotes":""},"categories":[6],"tags":[],"class_list":["post-5267","post","type-post","status-publish","format-standard","has-post-thumbnail","hentry","category-noticias"],"_links":{"self":[{"href":"https:\/\/portal.abepro.org.br\/abepro2025\/wp-json\/wp\/v2\/posts\/5267","targetHints":{"allow":["GET"]}}],"collection":[{"href":"https:\/\/portal.abepro.org.br\/abepro2025\/wp-json\/wp\/v2\/posts"}],"about":[{"href":"https:\/\/portal.abepro.org.br\/abepro2025\/wp-json\/wp\/v2\/types\/post"}],"author":[{"embeddable":true,"href":"https:\/\/portal.abepro.org.br\/abepro2025\/wp-json\/wp\/v2\/users\/1"}],"replies":[{"embeddable":true,"href":"https:\/\/portal.abepro.org.br\/abepro2025\/wp-json\/wp\/v2\/comments?post=5267"}],"version-history":[{"count":0,"href":"https:\/\/portal.abepro.org.br\/abepro2025\/wp-json\/wp\/v2\/posts\/5267\/revisions"}],"wp:featuredmedia":[{"embeddable":true,"href":"https:\/\/portal.abepro.org.br\/abepro2025\/wp-json\/wp\/v2\/media\/5269"}],"wp:attachment":[{"href":"https:\/\/portal.abepro.org.br\/abepro2025\/wp-json\/wp\/v2\/media?parent=5267"}],"wp:term":[{"taxonomy":"category","embeddable":true,"href":"https:\/\/portal.abepro.org.br\/abepro2025\/wp-json\/wp\/v2\/categories?post=5267"},{"taxonomy":"post_tag","embeddable":true,"href":"https:\/\/portal.abepro.org.br\/abepro2025\/wp-json\/wp\/v2\/tags?post=5267"}],"curies":[{"name":"wp","href":"https:\/\/api.w.org\/{rel}","templated":true}]}}