{"id":5297,"date":"2024-06-17T08:21:38","date_gmt":"2024-06-17T11:21:38","guid":{"rendered":"https:\/\/portal.abepro.org.br\/abepro2024\/?p=5297"},"modified":"2024-06-17T08:21:38","modified_gmt":"2024-06-17T11:21:38","slug":"ufg-abre-vagas-para-professor-substituto","status":"publish","type":"post","link":"https:\/\/portal.abepro.org.br\/abepro2025\/ufg-abre-vagas-para-professor-substituto\/","title":{"rendered":"UFG Abre Vagas para Professor Substituto"},"content":{"rendered":"","protected":false},"excerpt":{"rendered":"<p>A Universidade Federal de Goi\u00e1s (UFG) est\u00e1 com inscri\u00e7\u00f5es abertas para professores substitutos nas \u00e1reas de Introdu\u00e7\u00e3o \u00e0 Computa\u00e7\u00e3o, Sistemas de Informa\u00e7\u00e3o e Pesquisa Operacional.<\/p>\n<p>Requisitos:<\/p>\n<p>Gradua\u00e7\u00e3o ou mestrado em Ci\u00eancias da Computa\u00e7\u00e3o, Sistemas de Informa\u00e7\u00e3o, Engenharias ou \u00e1reas afins.<\/p>\n<p>Per\u00edodo: 17 a 26 de junho de 2024, at\u00e9 \u00e0s 14 horas.<br \/>\nhttps:\/\/sistemas.ufg.br\/CONCURSOS_WEB\/<\/p>\n","protected":false},"author":1,"featured_media":5300,"comment_status":"open","ping_status":"open","sticky":false,"template":"","format":"standard","meta":{"footnotes":""},"categories":[6],"tags":[],"class_list":["post-5297","post","type-post","status-publish","format-standard","has-post-thumbnail","hentry","category-noticias"],"_links":{"self":[{"href":"https:\/\/portal.abepro.org.br\/abepro2025\/wp-json\/wp\/v2\/posts\/5297","targetHints":{"allow":["GET"]}}],"collection":[{"href":"https:\/\/portal.abepro.org.br\/abepro2025\/wp-json\/wp\/v2\/posts"}],"about":[{"href":"https:\/\/portal.abepro.org.br\/abepro2025\/wp-json\/wp\/v2\/types\/post"}],"author":[{"embeddable":true,"href":"https:\/\/portal.abepro.org.br\/abepro2025\/wp-json\/wp\/v2\/users\/1"}],"replies":[{"embeddable":true,"href":"https:\/\/portal.abepro.org.br\/abepro2025\/wp-json\/wp\/v2\/comments?post=5297"}],"version-history":[{"count":0,"href":"https:\/\/portal.abepro.org.br\/abepro2025\/wp-json\/wp\/v2\/posts\/5297\/revisions"}],"wp:featuredmedia":[{"embeddable":true,"href":"https:\/\/portal.abepro.org.br\/abepro2025\/wp-json\/wp\/v2\/media\/5300"}],"wp:attachment":[{"href":"https:\/\/portal.abepro.org.br\/abepro2025\/wp-json\/wp\/v2\/media?parent=5297"}],"wp:term":[{"taxonomy":"category","embeddable":true,"href":"https:\/\/portal.abepro.org.br\/abepro2025\/wp-json\/wp\/v2\/categories?post=5297"},{"taxonomy":"post_tag","embeddable":true,"href":"https:\/\/portal.abepro.org.br\/abepro2025\/wp-json\/wp\/v2\/tags?post=5297"}],"curies":[{"name":"wp","href":"https:\/\/api.w.org\/{rel}","templated":true}]}}