{"id":5317,"date":"2024-06-19T08:28:44","date_gmt":"2024-06-19T11:28:44","guid":{"rendered":"https:\/\/portal.abepro.org.br\/abepro2024\/?p=5317"},"modified":"2024-06-19T08:28:44","modified_gmt":"2024-06-19T11:28:44","slug":"programa-de-estagio-2024-weg-linhares","status":"publish","type":"post","link":"https:\/\/portal.abepro.org.br\/abepro2025\/programa-de-estagio-2024-weg-linhares\/","title":{"rendered":"PROGRAMA DE EST\u00c1GIO 2024 &#8211; WEG Linhares"},"content":{"rendered":"\n<p>A WEG Linhares inicia no dia 14\/06\/2024 o per\u00edodo de inscri\u00e7\u00f5es para est\u00e1gio referente ao segundo semestre de 2024.<br>O objetivo do est\u00e1gio \u00e9 desafiar o estudante a colocar em pr\u00e1tica os conhecimentos adquiridos, vivenciando a realidade de uma grande empresa.<br>Para realizar a inscri\u00e7\u00e3o o aluno dever\u00e1 preencher os requisitos obrigat\u00f3rios listados abaixo:<\/p>\n\n\n\n<ul class=\"wp-block-list\">\n<li>Estar cursando a partir do 9\u00ba per\u00edodo dos cursos: Engenharia de Controle e Automa\u00e7\u00e3o, Engenharia El\u00e9trica, Engenharia Mec\u00e2nica, Engenharia de Produ\u00e7\u00e3o, Engenharia da Computa\u00e7\u00e3o, Ci\u00eancia da Computa\u00e7\u00e3o e Sistemas de Informa\u00e7\u00e3o.<\/li>\n\n\n\n<li>Ter conclu\u00eddo as mat\u00e9rias presenciais do curso;<\/li>\n\n\n\n<li>Disponibilidade de mudan\u00e7a.<br><\/li>\n<\/ul>\n\n\n\n<p>A inscri\u00e7\u00e3o dever\u00e1 ser realizada no site da empresa at\u00e9 30\/06\/2024: WEG &#8211; Est\u00e1gio (https:\/\/wegestagio.gupy.io\/)<br>Benef\u00edcios:<br>Bolsa aux\u00edlio, alimenta\u00e7\u00e3o subsidiada, atendimento ambulatorial, aux\u00edlio despesa, gin\u00e1stica laboral, seguro de vida em grupo, transporte.<\/p>\n\n\n\n<figure class=\"wp-block-gallery has-nested-images columns-default is-cropped wp-block-gallery-1 is-layout-flex wp-block-gallery-is-layout-flex\">\n<figure class=\"wp-block-image size-large\"><img decoding=\"async\" data-id=\"5318\" src=\"https:\/\/portal.abepro.org.br\/abepro2024\/wp-content\/uploads\/2024\/06\/Estagio-A4-725x1024.jpg\" alt=\"\" class=\"wp-image-5318\"\/><\/figure>\n<\/figure>\n","protected":false},"excerpt":{"rendered":"<p>A WEG Linhares inicia no dia 14\/06\/2024 o per\u00edodo de inscri\u00e7\u00f5es para est\u00e1gio referente ao segundo semestre de 2024.O objetivo do est\u00e1gio \u00e9 desafiar o estudante a colocar em pr\u00e1tica os conhecimentos adquiridos, vivenciando a realidade de uma grande empresa.Para realizar a inscri\u00e7\u00e3o o aluno dever\u00e1 preencher os requisitos obrigat\u00f3rios listados abaixo: A inscri\u00e7\u00e3o dever\u00e1 [&hellip;]<\/p>\n","protected":false},"author":1,"featured_media":5319,"comment_status":"open","ping_status":"open","sticky":false,"template":"","format":"standard","meta":{"footnotes":""},"categories":[6],"tags":[],"class_list":["post-5317","post","type-post","status-publish","format-standard","has-post-thumbnail","hentry","category-noticias"],"_links":{"self":[{"href":"https:\/\/portal.abepro.org.br\/abepro2025\/wp-json\/wp\/v2\/posts\/5317","targetHints":{"allow":["GET"]}}],"collection":[{"href":"https:\/\/portal.abepro.org.br\/abepro2025\/wp-json\/wp\/v2\/posts"}],"about":[{"href":"https:\/\/portal.abepro.org.br\/abepro2025\/wp-json\/wp\/v2\/types\/post"}],"author":[{"embeddable":true,"href":"https:\/\/portal.abepro.org.br\/abepro2025\/wp-json\/wp\/v2\/users\/1"}],"replies":[{"embeddable":true,"href":"https:\/\/portal.abepro.org.br\/abepro2025\/wp-json\/wp\/v2\/comments?post=5317"}],"version-history":[{"count":0,"href":"https:\/\/portal.abepro.org.br\/abepro2025\/wp-json\/wp\/v2\/posts\/5317\/revisions"}],"wp:featuredmedia":[{"embeddable":true,"href":"https:\/\/portal.abepro.org.br\/abepro2025\/wp-json\/wp\/v2\/media\/5319"}],"wp:attachment":[{"href":"https:\/\/portal.abepro.org.br\/abepro2025\/wp-json\/wp\/v2\/media?parent=5317"}],"wp:term":[{"taxonomy":"category","embeddable":true,"href":"https:\/\/portal.abepro.org.br\/abepro2025\/wp-json\/wp\/v2\/categories?post=5317"},{"taxonomy":"post_tag","embeddable":true,"href":"https:\/\/portal.abepro.org.br\/abepro2025\/wp-json\/wp\/v2\/tags?post=5317"}],"curies":[{"name":"wp","href":"https:\/\/api.w.org\/{rel}","templated":true}]}}