{"id":5359,"date":"2024-07-30T09:03:10","date_gmt":"2024-07-30T12:03:10","guid":{"rendered":"https:\/\/portal.abepro.org.br\/abepro2024\/?p=5359"},"modified":"2024-07-30T09:03:10","modified_gmt":"2024-07-30T12:03:10","slug":"abertas-inscricoes-para-mestrado-e-doutorado-em-engenharia-de-producao-na-ufsm","status":"publish","type":"post","link":"https:\/\/portal.abepro.org.br\/abepro2025\/abertas-inscricoes-para-mestrado-e-doutorado-em-engenharia-de-producao-na-ufsm\/","title":{"rendered":"Abertas Inscri\u00e7\u00f5es para Mestrado e Doutorado em Engenharia de Produ\u00e7\u00e3o na UFSM"},"content":{"rendered":"\t\t<div data-elementor-type=\"wp-post\" data-elementor-id=\"5359\" class=\"elementor elementor-5359\" data-elementor-post-type=\"post\">\n\t\t\t\t\t\t<section class=\"elementor-section elementor-top-section elementor-element elementor-element-45a9ce3 elementor-section-boxed elementor-section-height-default elementor-section-height-default\" data-id=\"45a9ce3\" data-element_type=\"section\">\n\t\t\t\t\t\t<div class=\"elementor-container elementor-column-gap-default\">\n\t\t\t\t\t<div class=\"elementor-column elementor-col-100 elementor-top-column elementor-element elementor-element-799a7fd\" data-id=\"799a7fd\" data-element_type=\"column\">\n\t\t\t<div class=\"elementor-widget-wrap elementor-element-populated\">\n\t\t\t\t\t\t<div class=\"elementor-element elementor-element-0f981b0 elementor-widget elementor-widget-text-editor\" data-id=\"0f981b0\" data-element_type=\"widget\" data-widget_type=\"text-editor.default\">\n\t\t\t\t<div class=\"elementor-widget-container\">\n\t\t\t\t\t\t\t\t\t<p>A Universidade Federal de Santa Maria (UFSM) abriu inscri\u00e7\u00f5es para o processo seletivo de p\u00f3s-gradua\u00e7\u00e3o em Engenharia de Produ\u00e7\u00e3o, para o segundo semestre de 2024. O per\u00edodo de inscri\u00e7\u00f5es vai de 15 de julho a 05 de agosto de 2024. Est\u00e3o sendo ofertadas 13 vagas para Doutorado e 14 vagas para Mestrado.<br \/>Os crit\u00e9rios de sele\u00e7\u00e3o incluem an\u00e1lise do Curriculum Vitae, an\u00e1lise do Anteprojeto de Pesquisa e defesa on-line do Curriculum Vitae e do Anteprojeto. A inscri\u00e7\u00e3o \u00e9 gratuita e deve ser realizada exclusivamente pela internet.<br \/>Mais informa\u00e7\u00f5es e acesso ao sistema de inscri\u00e7\u00f5es est\u00e3o dispon\u00edveis <a href=\"https:\/\/www.ufsm.br\/cursos\/pos-graduacao\/santa-maria\/ppgep\/bannerfacebook\" target=\"_blank\" rel=\"noopener\">aqui.<\/a><\/p>\t\t\t\t\t\t\t\t<\/div>\n\t\t\t\t<\/div>\n\t\t\t\t\t<\/div>\n\t\t<\/div>\n\t\t\t\t\t<\/div>\n\t\t<\/section>\n\t\t\t\t<\/div>\n\t\t","protected":false},"excerpt":{"rendered":"<p>A Universidade Federal de Santa Maria (UFSM) abriu inscri\u00e7\u00f5es para o processo seletivo de p\u00f3s-gradua\u00e7\u00e3o em Engenharia de Produ\u00e7\u00e3o, para o segundo semestre de 2024. O per\u00edodo de inscri\u00e7\u00f5es vai de 15 de julho a 05 de agosto de 2024. Est\u00e3o sendo ofertadas 13 vagas para Doutorado e 14 vagas para Mestrado.Os crit\u00e9rios de sele\u00e7\u00e3o [&hellip;]<\/p>\n","protected":false},"author":1,"featured_media":5361,"comment_status":"open","ping_status":"open","sticky":false,"template":"","format":"standard","meta":{"footnotes":""},"categories":[6],"tags":[],"class_list":["post-5359","post","type-post","status-publish","format-standard","has-post-thumbnail","hentry","category-noticias"],"_links":{"self":[{"href":"https:\/\/portal.abepro.org.br\/abepro2025\/wp-json\/wp\/v2\/posts\/5359","targetHints":{"allow":["GET"]}}],"collection":[{"href":"https:\/\/portal.abepro.org.br\/abepro2025\/wp-json\/wp\/v2\/posts"}],"about":[{"href":"https:\/\/portal.abepro.org.br\/abepro2025\/wp-json\/wp\/v2\/types\/post"}],"author":[{"embeddable":true,"href":"https:\/\/portal.abepro.org.br\/abepro2025\/wp-json\/wp\/v2\/users\/1"}],"replies":[{"embeddable":true,"href":"https:\/\/portal.abepro.org.br\/abepro2025\/wp-json\/wp\/v2\/comments?post=5359"}],"version-history":[{"count":0,"href":"https:\/\/portal.abepro.org.br\/abepro2025\/wp-json\/wp\/v2\/posts\/5359\/revisions"}],"wp:featuredmedia":[{"embeddable":true,"href":"https:\/\/portal.abepro.org.br\/abepro2025\/wp-json\/wp\/v2\/media\/5361"}],"wp:attachment":[{"href":"https:\/\/portal.abepro.org.br\/abepro2025\/wp-json\/wp\/v2\/media?parent=5359"}],"wp:term":[{"taxonomy":"category","embeddable":true,"href":"https:\/\/portal.abepro.org.br\/abepro2025\/wp-json\/wp\/v2\/categories?post=5359"},{"taxonomy":"post_tag","embeddable":true,"href":"https:\/\/portal.abepro.org.br\/abepro2025\/wp-json\/wp\/v2\/tags?post=5359"}],"curies":[{"name":"wp","href":"https:\/\/api.w.org\/{rel}","templated":true}]}}