{"id":5382,"date":"2024-08-08T10:54:58","date_gmt":"2024-08-08T13:54:58","guid":{"rendered":"https:\/\/portal.abepro.org.br\/abepro2024\/?p=5382"},"modified":"2024-08-08T10:54:58","modified_gmt":"2024-08-08T13:54:58","slug":"concurso-para-professor-assistente-unesp","status":"publish","type":"post","link":"https:\/\/portal.abepro.org.br\/abepro2025\/concurso-para-professor-assistente-unesp\/","title":{"rendered":"Concurso para Professor Assistente &#8211; UNESP"},"content":{"rendered":"\t\t<div data-elementor-type=\"wp-post\" data-elementor-id=\"5382\" class=\"elementor elementor-5382\" data-elementor-post-type=\"post\">\n\t\t\t\t\t\t<section class=\"elementor-section elementor-top-section elementor-element elementor-element-7aa850a elementor-section-boxed elementor-section-height-default elementor-section-height-default\" data-id=\"7aa850a\" data-element_type=\"section\">\n\t\t\t\t\t\t<div class=\"elementor-container elementor-column-gap-default\">\n\t\t\t\t\t<div class=\"elementor-column elementor-col-100 elementor-top-column elementor-element elementor-element-4fc115c\" data-id=\"4fc115c\" data-element_type=\"column\">\n\t\t\t<div class=\"elementor-widget-wrap elementor-element-populated\">\n\t\t\t\t\t\t<div class=\"elementor-element elementor-element-3caf481 elementor-widget elementor-widget-text-editor\" data-id=\"3caf481\" data-element_type=\"widget\" data-widget_type=\"text-editor.default\">\n\t\t\t\t<div class=\"elementor-widget-container\">\n\t\t\t\t\t\t\t\t\t<p data-pm-slice=\"1 1 []\">Est\u00e3o abertas as inscri\u00e7\u00f5es para o concurso p\u00fablico de T\u00edtulos e Provas, destinado ao provimento de 01 (um) cargo de Professor Assistente, com titula\u00e7\u00e3o m\u00ednima de Doutor, em Regime de Dedica\u00e7\u00e3o Integral \u00e0 Doc\u00eancia e \u00e0 Pesquisa (RDIDP), na \u00e1rea de Engenharia de Produ\u00e7\u00e3o, junto ao Departamento de Produ\u00e7\u00e3o da Faculdade de Engenharia e Ci\u00eancias do C\u00e2mpus de Guaratinguet\u00e1.<\/p><p>As inscri\u00e7\u00f5es podem ser realizadas de 01\/08\/2024 a 01\/10\/2024, mediante pagamento de taxa de R$ 263,00. Mais informa\u00e7\u00f5es e inscri\u00e7\u00f5es est\u00e3o dispon\u00edveis no site <a class=\"ProsemirrorEditor-link\" href=\"https:\/\/inscricoes.unesp.br\/concurso\/4401\">UNESP Inscri\u00e7\u00f5es<\/a>. D\u00favidas entre em contato: <a class=\"ProsemirrorEditor-link\" href=\"mailto:srh.feg@unesp.br\">srh.feg@unesp.br<\/a>.<\/p>\t\t\t\t\t\t\t\t<\/div>\n\t\t\t\t<\/div>\n\t\t\t\t\t<\/div>\n\t\t<\/div>\n\t\t\t\t\t<\/div>\n\t\t<\/section>\n\t\t\t\t<\/div>\n\t\t","protected":false},"excerpt":{"rendered":"<p>Est\u00e3o abertas as inscri\u00e7\u00f5es para o concurso p\u00fablico de T\u00edtulos e Provas, destinado ao provimento de 01 (um) cargo de Professor Assistente, com titula\u00e7\u00e3o m\u00ednima de Doutor, em Regime de Dedica\u00e7\u00e3o Integral \u00e0 Doc\u00eancia e \u00e0 Pesquisa (RDIDP), na \u00e1rea de Engenharia de Produ\u00e7\u00e3o, junto ao Departamento de Produ\u00e7\u00e3o da Faculdade de Engenharia e Ci\u00eancias [&hellip;]<\/p>\n","protected":false},"author":1,"featured_media":5384,"comment_status":"open","ping_status":"open","sticky":false,"template":"","format":"standard","meta":{"footnotes":""},"categories":[6],"tags":[],"class_list":["post-5382","post","type-post","status-publish","format-standard","has-post-thumbnail","hentry","category-noticias"],"_links":{"self":[{"href":"https:\/\/portal.abepro.org.br\/abepro2025\/wp-json\/wp\/v2\/posts\/5382","targetHints":{"allow":["GET"]}}],"collection":[{"href":"https:\/\/portal.abepro.org.br\/abepro2025\/wp-json\/wp\/v2\/posts"}],"about":[{"href":"https:\/\/portal.abepro.org.br\/abepro2025\/wp-json\/wp\/v2\/types\/post"}],"author":[{"embeddable":true,"href":"https:\/\/portal.abepro.org.br\/abepro2025\/wp-json\/wp\/v2\/users\/1"}],"replies":[{"embeddable":true,"href":"https:\/\/portal.abepro.org.br\/abepro2025\/wp-json\/wp\/v2\/comments?post=5382"}],"version-history":[{"count":0,"href":"https:\/\/portal.abepro.org.br\/abepro2025\/wp-json\/wp\/v2\/posts\/5382\/revisions"}],"wp:featuredmedia":[{"embeddable":true,"href":"https:\/\/portal.abepro.org.br\/abepro2025\/wp-json\/wp\/v2\/media\/5384"}],"wp:attachment":[{"href":"https:\/\/portal.abepro.org.br\/abepro2025\/wp-json\/wp\/v2\/media?parent=5382"}],"wp:term":[{"taxonomy":"category","embeddable":true,"href":"https:\/\/portal.abepro.org.br\/abepro2025\/wp-json\/wp\/v2\/categories?post=5382"},{"taxonomy":"post_tag","embeddable":true,"href":"https:\/\/portal.abepro.org.br\/abepro2025\/wp-json\/wp\/v2\/tags?post=5382"}],"curies":[{"name":"wp","href":"https:\/\/api.w.org\/{rel}","templated":true}]}}