{"id":5420,"date":"2024-09-19T08:03:15","date_gmt":"2024-09-19T11:03:15","guid":{"rendered":"https:\/\/portal.abepro.org.br\/abepro2024\/?p=5420"},"modified":"2024-09-19T08:03:15","modified_gmt":"2024-09-19T11:03:15","slug":"concurso-publico-para-professor-na-unifei","status":"publish","type":"post","link":"https:\/\/portal.abepro.org.br\/abepro2025\/concurso-publico-para-professor-na-unifei\/","title":{"rendered":"Concurso P\u00fablico para Professor na UNIFEI"},"content":{"rendered":"\t\t<div data-elementor-type=\"wp-post\" data-elementor-id=\"5420\" class=\"elementor elementor-5420\" data-elementor-post-type=\"post\">\n\t\t\t\t\t\t<section class=\"elementor-section elementor-top-section elementor-element elementor-element-9308777 elementor-section-boxed elementor-section-height-default elementor-section-height-default\" data-id=\"9308777\" data-element_type=\"section\">\n\t\t\t\t\t\t<div class=\"elementor-container elementor-column-gap-default\">\n\t\t\t\t\t<div class=\"elementor-column elementor-col-100 elementor-top-column elementor-element elementor-element-8d96da6\" data-id=\"8d96da6\" data-element_type=\"column\">\n\t\t\t<div class=\"elementor-widget-wrap elementor-element-populated\">\n\t\t\t\t\t\t<div class=\"elementor-element elementor-element-d07a78d elementor-widget elementor-widget-text-editor\" data-id=\"d07a78d\" data-element_type=\"widget\" data-widget_type=\"text-editor.default\">\n\t\t\t\t<div class=\"elementor-widget-container\">\n\t\t\t\t\t\t\t\t\t<p data-pm-slice=\"1 1 []\">A Universidade Federal de Itajub\u00e1 (UNIFEI) est\u00e1 com inscri\u00e7\u00f5es abertas para o <strong>Concurso P\u00fablico de Provas e T\u00edtulos<\/strong> destinado ao cargo de <strong>Professor do Magist\u00e9rio Superior<\/strong>. A vaga \u00e9 para o <strong>Instituto de Engenharia de Produ\u00e7\u00e3o e Gest\u00e3o<\/strong>, na \u00e1rea de <strong>Processos de Fabrica\u00e7\u00e3o, Machine Learning e Otimiza\u00e7\u00e3o<\/strong>.<\/p><p>O per\u00edodo de inscri\u00e7\u00f5es vai de <strong>17 de setembro a 17 de outubro de 2024<\/strong>. Confira mais detalhes e o edital completo <a class=\"ProsemirrorEditor-link\" href=\"https:\/\/prgp.unifei.edu.br\/concursos-e-processos-seletivos\/edital-no-76-2024\/\">neste link<\/a>.<\/p>\t\t\t\t\t\t\t\t<\/div>\n\t\t\t\t<\/div>\n\t\t\t\t\t<\/div>\n\t\t<\/div>\n\t\t\t\t\t<\/div>\n\t\t<\/section>\n\t\t\t\t<\/div>\n\t\t","protected":false},"excerpt":{"rendered":"<p>A Universidade Federal de Itajub\u00e1 (UNIFEI) est\u00e1 com inscri\u00e7\u00f5es abertas para o Concurso P\u00fablico de Provas e T\u00edtulos destinado ao cargo de Professor do Magist\u00e9rio Superior. A vaga \u00e9 para o Instituto de Engenharia de Produ\u00e7\u00e3o e Gest\u00e3o, na \u00e1rea de Processos de Fabrica\u00e7\u00e3o, Machine Learning e Otimiza\u00e7\u00e3o. O per\u00edodo de inscri\u00e7\u00f5es vai de 17 [&hellip;]<\/p>\n","protected":false},"author":1,"featured_media":5421,"comment_status":"open","ping_status":"open","sticky":false,"template":"","format":"standard","meta":{"footnotes":""},"categories":[6],"tags":[],"class_list":["post-5420","post","type-post","status-publish","format-standard","has-post-thumbnail","hentry","category-noticias"],"_links":{"self":[{"href":"https:\/\/portal.abepro.org.br\/abepro2025\/wp-json\/wp\/v2\/posts\/5420","targetHints":{"allow":["GET"]}}],"collection":[{"href":"https:\/\/portal.abepro.org.br\/abepro2025\/wp-json\/wp\/v2\/posts"}],"about":[{"href":"https:\/\/portal.abepro.org.br\/abepro2025\/wp-json\/wp\/v2\/types\/post"}],"author":[{"embeddable":true,"href":"https:\/\/portal.abepro.org.br\/abepro2025\/wp-json\/wp\/v2\/users\/1"}],"replies":[{"embeddable":true,"href":"https:\/\/portal.abepro.org.br\/abepro2025\/wp-json\/wp\/v2\/comments?post=5420"}],"version-history":[{"count":0,"href":"https:\/\/portal.abepro.org.br\/abepro2025\/wp-json\/wp\/v2\/posts\/5420\/revisions"}],"wp:featuredmedia":[{"embeddable":true,"href":"https:\/\/portal.abepro.org.br\/abepro2025\/wp-json\/wp\/v2\/media\/5421"}],"wp:attachment":[{"href":"https:\/\/portal.abepro.org.br\/abepro2025\/wp-json\/wp\/v2\/media?parent=5420"}],"wp:term":[{"taxonomy":"category","embeddable":true,"href":"https:\/\/portal.abepro.org.br\/abepro2025\/wp-json\/wp\/v2\/categories?post=5420"},{"taxonomy":"post_tag","embeddable":true,"href":"https:\/\/portal.abepro.org.br\/abepro2025\/wp-json\/wp\/v2\/tags?post=5420"}],"curies":[{"name":"wp","href":"https:\/\/api.w.org\/{rel}","templated":true}]}}