{"id":5426,"date":"2024-09-19T09:27:56","date_gmt":"2024-09-19T12:27:56","guid":{"rendered":"https:\/\/portal.abepro.org.br\/abepro2024\/?p=5426"},"modified":"2024-09-19T09:27:56","modified_gmt":"2024-09-19T12:27:56","slug":"convocacao-para-assembleia-geral-ordinaria-da-abepro","status":"publish","type":"post","link":"https:\/\/portal.abepro.org.br\/abepro2025\/convocacao-para-assembleia-geral-ordinaria-da-abepro\/","title":{"rendered":"Convoca\u00e7\u00e3o para Assembleia Geral Ordin\u00e1ria da ABEPRO"},"content":{"rendered":"\t\t<div data-elementor-type=\"wp-post\" data-elementor-id=\"5426\" class=\"elementor elementor-5426\" data-elementor-post-type=\"post\">\n\t\t\t\t\t\t<section class=\"elementor-section elementor-top-section elementor-element elementor-element-8f1af1f elementor-section-boxed elementor-section-height-default elementor-section-height-default\" data-id=\"8f1af1f\" data-element_type=\"section\">\n\t\t\t\t\t\t<div class=\"elementor-container elementor-column-gap-default\">\n\t\t\t\t\t<div class=\"elementor-column elementor-col-100 elementor-top-column elementor-element elementor-element-6eb4bba\" data-id=\"6eb4bba\" data-element_type=\"column\">\n\t\t\t<div class=\"elementor-widget-wrap elementor-element-populated\">\n\t\t\t\t\t\t<div class=\"elementor-element elementor-element-06800a1 elementor-widget elementor-widget-text-editor\" data-id=\"06800a1\" data-element_type=\"widget\" data-widget_type=\"text-editor.default\">\n\t\t\t\t<div class=\"elementor-widget-container\">\n\t\t\t\t\t\t\t\t\t<p><span style=\"color: #333333;\">A <strong>Diretoria Executiva da ABEPRO<\/strong>, no exerc\u00edcio de suas atribui\u00e7\u00f5es previstas no estatuto, convoca todos(as) os(as) associados(as) para a <strong>Assembleia Geral Ordin\u00e1ria<\/strong>.<\/span><\/p><p><span style=\"color: #333333;\">A Assembleia ser\u00e1 um momento importante para discutirmos e deliberarmos sobre os assuntos que ser\u00e3o tratados, garantindo o pleno exerc\u00edcio democr\u00e1tico em nossa Associa\u00e7\u00e3o.<\/span><\/p><p><span style=\"color: #333333;\"><strong>Data<\/strong>: Sexta-feira, 25 de outubro de 2024<\/span><br \/><span style=\"color: #333333;\"><strong>Primeira Chamada<\/strong>: 16h<\/span><br \/><span style=\"color: #333333;\"><strong>Segunda Chamada<\/strong>: 16h30<\/span><br \/><span style=\"color: #333333;\"><strong>Local<\/strong>: Audit\u00f3rio, 8\u00ba andar &#8211; Unisinos<\/span><br \/><span style=\"color: #333333;\">Avenida Dr. Nilo Pe\u00e7anha, 1600<\/span><\/p><p><span style=\"color: #333333;\"><strong>Assuntos a serem tratados<\/strong>:<\/span><\/p><ol><li><span style=\"color: #333333;\">Informes;<\/span><\/li><li><span style=\"color: #333333;\">Presta\u00e7\u00e3o de contas referente ao ano de 2023;<\/span><\/li><li><span style=\"color: #333333;\">Proposta de altera\u00e7\u00e3o do Regimento Interno da ABEPRO Jovem;<\/span><\/li><li><span style=\"color: #333333;\">Outras delibera\u00e7\u00f5es e\/ou encaminhamentos.<\/span><\/li><\/ol><p><span style=\"color: #333333;\">Contamos com sua presen\u00e7a!<\/span><\/p><p><span style=\"color: #333333;\">Atenciosamente,<\/span><br \/><span style=\"color: #333333;\"><strong>Diretoria Executiva ABEPRO<\/strong><\/span><br \/><span style=\"color: #333333;\">Gest\u00e3o 2024\/2025<\/span><\/p>\t\t\t\t\t\t\t\t<\/div>\n\t\t\t\t<\/div>\n\t\t\t\t\t<\/div>\n\t\t<\/div>\n\t\t\t\t\t<\/div>\n\t\t<\/section>\n\t\t\t\t<\/div>\n\t\t","protected":false},"excerpt":{"rendered":"<p>A Diretoria Executiva da ABEPRO, no exerc\u00edcio de suas atribui\u00e7\u00f5es previstas no estatuto, convoca todos(as) os(as) associados(as) para a Assembleia Geral Ordin\u00e1ria. A Assembleia ser\u00e1 um momento importante para discutirmos e deliberarmos sobre os assuntos que ser\u00e3o tratados, garantindo o pleno exerc\u00edcio democr\u00e1tico em nossa Associa\u00e7\u00e3o. Data: Sexta-feira, 25 de outubro de 2024Primeira Chamada: 16hSegunda [&hellip;]<\/p>\n","protected":false},"author":1,"featured_media":5428,"comment_status":"open","ping_status":"open","sticky":false,"template":"","format":"standard","meta":{"footnotes":""},"categories":[5],"tags":[],"class_list":["post-5426","post","type-post","status-publish","format-standard","has-post-thumbnail","hentry","category-avisos"],"_links":{"self":[{"href":"https:\/\/portal.abepro.org.br\/abepro2025\/wp-json\/wp\/v2\/posts\/5426","targetHints":{"allow":["GET"]}}],"collection":[{"href":"https:\/\/portal.abepro.org.br\/abepro2025\/wp-json\/wp\/v2\/posts"}],"about":[{"href":"https:\/\/portal.abepro.org.br\/abepro2025\/wp-json\/wp\/v2\/types\/post"}],"author":[{"embeddable":true,"href":"https:\/\/portal.abepro.org.br\/abepro2025\/wp-json\/wp\/v2\/users\/1"}],"replies":[{"embeddable":true,"href":"https:\/\/portal.abepro.org.br\/abepro2025\/wp-json\/wp\/v2\/comments?post=5426"}],"version-history":[{"count":0,"href":"https:\/\/portal.abepro.org.br\/abepro2025\/wp-json\/wp\/v2\/posts\/5426\/revisions"}],"wp:featuredmedia":[{"embeddable":true,"href":"https:\/\/portal.abepro.org.br\/abepro2025\/wp-json\/wp\/v2\/media\/5428"}],"wp:attachment":[{"href":"https:\/\/portal.abepro.org.br\/abepro2025\/wp-json\/wp\/v2\/media?parent=5426"}],"wp:term":[{"taxonomy":"category","embeddable":true,"href":"https:\/\/portal.abepro.org.br\/abepro2025\/wp-json\/wp\/v2\/categories?post=5426"},{"taxonomy":"post_tag","embeddable":true,"href":"https:\/\/portal.abepro.org.br\/abepro2025\/wp-json\/wp\/v2\/tags?post=5426"}],"curies":[{"name":"wp","href":"https:\/\/api.w.org\/{rel}","templated":true}]}}