{"id":5460,"date":"2024-10-30T11:08:20","date_gmt":"2024-10-30T14:08:20","guid":{"rendered":"https:\/\/portal.abepro.org.br\/abepro2024\/?p=5460"},"modified":"2024-10-30T11:08:20","modified_gmt":"2024-10-30T14:08:20","slug":"novo-regimento-interno-da-abepro-jovem-2","status":"publish","type":"post","link":"https:\/\/portal.abepro.org.br\/abepro2025\/novo-regimento-interno-da-abepro-jovem-2\/","title":{"rendered":"Novo Regimento Interno da ABEPRO Jovem"},"content":{"rendered":"\t\t<div data-elementor-type=\"wp-post\" data-elementor-id=\"5460\" class=\"elementor elementor-5460\" data-elementor-post-type=\"post\">\n\t\t\t\t\t\t<section class=\"elementor-section elementor-top-section elementor-element elementor-element-2a620b3d elementor-section-boxed elementor-section-height-default elementor-section-height-default\" data-id=\"2a620b3d\" data-element_type=\"section\">\n\t\t\t\t\t\t<div class=\"elementor-container elementor-column-gap-default\">\n\t\t\t\t\t<div class=\"elementor-column elementor-col-100 elementor-top-column elementor-element elementor-element-b797c77\" data-id=\"b797c77\" data-element_type=\"column\">\n\t\t\t<div class=\"elementor-widget-wrap elementor-element-populated\">\n\t\t\t\t\t\t<div class=\"elementor-element elementor-element-658998 elementor-widget elementor-widget-text-editor\" data-id=\"658998\" data-element_type=\"widget\" data-widget_type=\"text-editor.default\">\n\t\t\t\t<div class=\"elementor-widget-container\">\n\t\t\t\t\t\t\t\t\t<ul class=\"wp-block-archives-list wp-block-archives\">\t<li><a href='https:\/\/portal.abepro.org.br\/abepro2025\/2026\/04\/'>abril 2026<\/a><\/li>\n\t<li><a href='https:\/\/portal.abepro.org.br\/abepro2025\/2026\/03\/'>mar\u00e7o 2026<\/a><\/li>\n\t<li><a href='https:\/\/portal.abepro.org.br\/abepro2025\/2026\/02\/'>fevereiro 2026<\/a><\/li>\n\t<li><a href='https:\/\/portal.abepro.org.br\/abepro2025\/2026\/01\/'>janeiro 2026<\/a><\/li>\n\t<li><a href='https:\/\/portal.abepro.org.br\/abepro2025\/2025\/12\/'>dezembro 2025<\/a><\/li>\n\t<li><a href='https:\/\/portal.abepro.org.br\/abepro2025\/2025\/11\/'>novembro 2025<\/a><\/li>\n\t<li><a href='https:\/\/portal.abepro.org.br\/abepro2025\/2025\/10\/'>outubro 2025<\/a><\/li>\n\t<li><a href='https:\/\/portal.abepro.org.br\/abepro2025\/2025\/09\/'>setembro 2025<\/a><\/li>\n\t<li><a href='https:\/\/portal.abepro.org.br\/abepro2025\/2025\/08\/'>agosto 2025<\/a><\/li>\n\t<li><a href='https:\/\/portal.abepro.org.br\/abepro2025\/2025\/07\/'>julho 2025<\/a><\/li>\n\t<li><a href='https:\/\/portal.abepro.org.br\/abepro2025\/2025\/06\/'>junho 2025<\/a><\/li>\n\t<li><a href='https:\/\/portal.abepro.org.br\/abepro2025\/2025\/04\/'>abril 2025<\/a><\/li>\n\t<li><a href='https:\/\/portal.abepro.org.br\/abepro2025\/2025\/03\/'>mar\u00e7o 2025<\/a><\/li>\n\t<li><a href='https:\/\/portal.abepro.org.br\/abepro2025\/2025\/02\/'>fevereiro 2025<\/a><\/li>\n\t<li><a href='https:\/\/portal.abepro.org.br\/abepro2025\/2025\/01\/'>janeiro 2025<\/a><\/li>\n\t<li><a href='https:\/\/portal.abepro.org.br\/abepro2025\/2024\/12\/'>dezembro 2024<\/a><\/li>\n\t<li><a href='https:\/\/portal.abepro.org.br\/abepro2025\/2024\/11\/'>novembro 2024<\/a><\/li>\n\t<li><a href='https:\/\/portal.abepro.org.br\/abepro2025\/2024\/10\/'>outubro 2024<\/a><\/li>\n\t<li><a href='https:\/\/portal.abepro.org.br\/abepro2025\/2024\/09\/'>setembro 2024<\/a><\/li>\n\t<li><a href='https:\/\/portal.abepro.org.br\/abepro2025\/2024\/08\/'>agosto 2024<\/a><\/li>\n\t<li><a href='https:\/\/portal.abepro.org.br\/abepro2025\/2024\/07\/'>julho 2024<\/a><\/li>\n\t<li><a href='https:\/\/portal.abepro.org.br\/abepro2025\/2024\/06\/'>junho 2024<\/a><\/li>\n\t<li><a href='https:\/\/portal.abepro.org.br\/abepro2025\/2024\/05\/'>maio 2024<\/a><\/li>\n\t<li><a href='https:\/\/portal.abepro.org.br\/abepro2025\/2024\/04\/'>abril 2024<\/a><\/li>\n\t<li><a href='https:\/\/portal.abepro.org.br\/abepro2025\/2024\/03\/'>mar\u00e7o 2024<\/a><\/li>\n\t<li><a href='https:\/\/portal.abepro.org.br\/abepro2025\/2024\/02\/'>fevereiro 2024<\/a><\/li>\n\t<li><a href='https:\/\/portal.abepro.org.br\/abepro2025\/2024\/01\/'>janeiro 2024<\/a><\/li>\n<\/ul>\t\t\t\t\t\t\t\t<\/div>\n\t\t\t\t<\/div>\n\t\t\t\t<div class=\"elementor-element elementor-element-b970ec0 elementor-widget elementor-widget-text-editor\" data-id=\"b970ec0\" data-element_type=\"widget\" data-widget_type=\"text-editor.default\">\n\t\t\t\t<div class=\"elementor-widget-container\">\n\t\t\t\t\t\t\t\t\t<p>Informamos que o novo regimento da ABEPRO Jovem foi revisado e aprovado durante a recente assembleia geral. Este documento visa aprimorar a governan\u00e7a e a participa\u00e7\u00e3o dos membros, garantindo que todos tenham voz nas decis\u00f5es que impactam nossa comunidade.<\/p><p><span style=\"font-style: inherit; font-weight: inherit; background-color: var(--ast-global-color-5);\">Agradecemos a todos os participantes pela contribui\u00e7\u00e3o valiosa ao longo deste processo. Estamos comprometidos em promover um ambiente colaborativo e transparente, e acreditamos que as mudan\u00e7as implementadas fortalecer\u00e3o ainda mais nossa atua\u00e7\u00e3o.<\/span><\/p><p><span style=\"font-style: inherit; font-weight: inherit; background-color: var(--ast-global-color-5);\">O novo regimento pode ser acessado <a href=\"https:\/\/drive.google.com\/file\/d\/17abWEkWbEbBgpwaRazr758TKb4dM_4ew\/view?usp=sharing\" target=\"_blank\" rel=\"noopener\">clicando aqui.<\/a><\/span><\/p><p><span style=\"font-style: inherit; font-weight: inherit; background-color: var(--ast-global-color-5);\">\u00a0<\/span><\/p><p>\u00a0<\/p><p>S\u00e3o Jos\u00e9 dos Campos, 30 de outubro de 2024.<\/p>\t\t\t\t\t\t\t\t<\/div>\n\t\t\t\t<\/div>\n\t\t\t\t\t<\/div>\n\t\t<\/div>\n\t\t\t\t\t<\/div>\n\t\t<\/section>\n\t\t\t\t<\/div>\n\t\t","protected":false},"excerpt":{"rendered":"<p>Informamos que o novo regimento da ABEPRO Jovem foi revisado e aprovado durante a recente assembleia geral. Este documento visa aprimorar a governan\u00e7a e a participa\u00e7\u00e3o dos membros, garantindo que todos tenham voz nas decis\u00f5es que impactam nossa comunidade.<\/p>\n<p>Agradecemos a todos os participantes pela contribui\u00e7\u00e3o valiosa ao longo deste processo. Estamos comprometidos em promover um ambiente colaborativo e transparente, e acreditamos que as mudan\u00e7as implementadas fortalecer\u00e3o ainda mais nossa atua\u00e7\u00e3o.<\/p>\n<p>O novo regimento pode ser acessado em anexo.<\/p>\n<p>S\u00e3o Jos\u00e9 dos Campos, 30 de outubro de 2024.<\/p>\n","protected":false},"author":1,"featured_media":5461,"comment_status":"open","ping_status":"open","sticky":false,"template":"","format":"standard","meta":{"footnotes":""},"categories":[11],"tags":[],"class_list":["post-5460","post","type-post","status-publish","format-standard","has-post-thumbnail","hentry","category-abj"],"_links":{"self":[{"href":"https:\/\/portal.abepro.org.br\/abepro2025\/wp-json\/wp\/v2\/posts\/5460","targetHints":{"allow":["GET"]}}],"collection":[{"href":"https:\/\/portal.abepro.org.br\/abepro2025\/wp-json\/wp\/v2\/posts"}],"about":[{"href":"https:\/\/portal.abepro.org.br\/abepro2025\/wp-json\/wp\/v2\/types\/post"}],"author":[{"embeddable":true,"href":"https:\/\/portal.abepro.org.br\/abepro2025\/wp-json\/wp\/v2\/users\/1"}],"replies":[{"embeddable":true,"href":"https:\/\/portal.abepro.org.br\/abepro2025\/wp-json\/wp\/v2\/comments?post=5460"}],"version-history":[{"count":0,"href":"https:\/\/portal.abepro.org.br\/abepro2025\/wp-json\/wp\/v2\/posts\/5460\/revisions"}],"wp:featuredmedia":[{"embeddable":true,"href":"https:\/\/portal.abepro.org.br\/abepro2025\/wp-json\/wp\/v2\/media\/5461"}],"wp:attachment":[{"href":"https:\/\/portal.abepro.org.br\/abepro2025\/wp-json\/wp\/v2\/media?parent=5460"}],"wp:term":[{"taxonomy":"category","embeddable":true,"href":"https:\/\/portal.abepro.org.br\/abepro2025\/wp-json\/wp\/v2\/categories?post=5460"},{"taxonomy":"post_tag","embeddable":true,"href":"https:\/\/portal.abepro.org.br\/abepro2025\/wp-json\/wp\/v2\/tags?post=5460"}],"curies":[{"name":"wp","href":"https:\/\/api.w.org\/{rel}","templated":true}]}}