{"id":5503,"date":"2024-11-29T14:59:09","date_gmt":"2024-11-29T17:59:09","guid":{"rendered":"https:\/\/portal.abepro.org.br\/abepro2024\/?p=5503"},"modified":"2024-11-29T14:59:09","modified_gmt":"2024-11-29T17:59:09","slug":"abepro-recebe-medalha-comemorativa-pelos-150-anos-da-escola-politecnica-da-ufrj","status":"publish","type":"post","link":"https:\/\/portal.abepro.org.br\/abepro2025\/abepro-recebe-medalha-comemorativa-pelos-150-anos-da-escola-politecnica-da-ufrj\/","title":{"rendered":"ABEPRO Recebe Medalha Comemorativa pelos 150 Anos da Escola Polit\u00e9cnica da UFRJ"},"content":{"rendered":"\n<p>No dia 28 de novembro de 2024, a Associa\u00e7\u00e3o Brasileira de Engenharia de Produ\u00e7\u00e3o (ABEPRO), juntamente com outras institui\u00e7\u00f5es e personalidades da Engenharia, foi homenageada com uma Medalha Comemorativa pelos 150 anos da Escola Polit\u00e9cnica da Universidade Federal do Rio de Janeiro (UFRJ). A cerim\u00f4nia, realizada no Clube de Engenharia do Rio de Janeiro, contou com a entrega de uma medalha em bronze.<\/p>\n\n\n\n<p>Durante o evento, foi celebrado um termo de coopera\u00e7\u00e3o entre a Escola Polit\u00e9cnica e o Instituto Patrimonial Reditus. Este acordo visa oferecer apoio financeiro a projetos de alunos e professores da institui\u00e7\u00e3o, conceder bolsas a estudantes em situa\u00e7\u00e3o de vulnerabilidade socioecon\u00f4mica e desenvolver a\u00e7\u00f5es de mentoria e orienta\u00e7\u00e3o acad\u00eamica, realizadas por professores ou ex-alunos.<\/p>\n\n\n\n<p>A cerim\u00f4nia contou com a presen\u00e7a de diversas autoridades, incluindo o Reitor da UFRJ, Roberto Medronho; a diretora da Escola Polit\u00e9cnica da UFRJ, Cl\u00e1udia Morgado; e o presidente do Clube de Engenharia, Francis Bogossian.<\/p>\n\n\n\n<p>A ABEPRO expressa sua gratid\u00e3o pela homenagem recebida e parabeniza a Escola Polit\u00e9cnica da UFRJ pelo seu sesquicenten\u00e1rio.<\/p>\n\n\n\n<figure class=\"wp-block-image aligncenter size-large is-resized\"><img fetchpriority=\"high\" decoding=\"async\" width=\"768\" height=\"1024\" src=\"https:\/\/portal.abepro.org.br\/abepro2025\/wp-content\/uploads\/2024\/11\/WhatsApp-Image-2024-11-29-at-11.32.30-768x1024.jpeg\" alt=\"\" class=\"wp-image-5505\" style=\"width:286px;height:auto\" srcset=\"https:\/\/portal.abepro.org.br\/abepro2025\/wp-content\/uploads\/2024\/11\/WhatsApp-Image-2024-11-29-at-11.32.30-768x1024.jpeg 768w, https:\/\/portal.abepro.org.br\/abepro2025\/wp-content\/uploads\/2024\/11\/WhatsApp-Image-2024-11-29-at-11.32.30-225x300.jpeg 225w, https:\/\/portal.abepro.org.br\/abepro2025\/wp-content\/uploads\/2024\/11\/WhatsApp-Image-2024-11-29-at-11.32.30-1152x1536.jpeg 1152w, https:\/\/portal.abepro.org.br\/abepro2025\/wp-content\/uploads\/2024\/11\/WhatsApp-Image-2024-11-29-at-11.32.30.jpeg 1200w\" sizes=\"(max-width: 768px) 100vw, 768px\" \/><\/figure>\n\n\n\n<p><\/p>\n","protected":false},"excerpt":{"rendered":"<p>No dia 28 de novembro de 2024, a Associa\u00e7\u00e3o Brasileira de Engenharia de Produ\u00e7\u00e3o (ABEPRO), juntamente com outras institui\u00e7\u00f5es e personalidades da Engenharia, foi homenageada com uma Medalha Comemorativa pelos 150 anos da Escola Polit\u00e9cnica da Universidade Federal do Rio de Janeiro (UFRJ). A cerim\u00f4nia, realizada no Clube de Engenharia do Rio de Janeiro, contou [&hellip;]<\/p>\n","protected":false},"author":1,"featured_media":5504,"comment_status":"open","ping_status":"open","sticky":false,"template":"","format":"standard","meta":{"footnotes":""},"categories":[6],"tags":[],"class_list":["post-5503","post","type-post","status-publish","format-standard","has-post-thumbnail","hentry","category-noticias"],"_links":{"self":[{"href":"https:\/\/portal.abepro.org.br\/abepro2025\/wp-json\/wp\/v2\/posts\/5503","targetHints":{"allow":["GET"]}}],"collection":[{"href":"https:\/\/portal.abepro.org.br\/abepro2025\/wp-json\/wp\/v2\/posts"}],"about":[{"href":"https:\/\/portal.abepro.org.br\/abepro2025\/wp-json\/wp\/v2\/types\/post"}],"author":[{"embeddable":true,"href":"https:\/\/portal.abepro.org.br\/abepro2025\/wp-json\/wp\/v2\/users\/1"}],"replies":[{"embeddable":true,"href":"https:\/\/portal.abepro.org.br\/abepro2025\/wp-json\/wp\/v2\/comments?post=5503"}],"version-history":[{"count":0,"href":"https:\/\/portal.abepro.org.br\/abepro2025\/wp-json\/wp\/v2\/posts\/5503\/revisions"}],"wp:featuredmedia":[{"embeddable":true,"href":"https:\/\/portal.abepro.org.br\/abepro2025\/wp-json\/wp\/v2\/media\/5504"}],"wp:attachment":[{"href":"https:\/\/portal.abepro.org.br\/abepro2025\/wp-json\/wp\/v2\/media?parent=5503"}],"wp:term":[{"taxonomy":"category","embeddable":true,"href":"https:\/\/portal.abepro.org.br\/abepro2025\/wp-json\/wp\/v2\/categories?post=5503"},{"taxonomy":"post_tag","embeddable":true,"href":"https:\/\/portal.abepro.org.br\/abepro2025\/wp-json\/wp\/v2\/tags?post=5503"}],"curies":[{"name":"wp","href":"https:\/\/api.w.org\/{rel}","templated":true}]}}