{"id":5514,"date":"2024-12-12T13:00:02","date_gmt":"2024-12-12T16:00:02","guid":{"rendered":"https:\/\/portal.abepro.org.br\/abepro2024\/?p=5514"},"modified":"2024-12-12T13:00:02","modified_gmt":"2024-12-12T16:00:02","slug":"natal-sera-palco-do-maior-evento-de-engenharia-de-producao-do-brasil-em-2025-2","status":"publish","type":"post","link":"https:\/\/portal.abepro.org.br\/abepro2025\/natal-sera-palco-do-maior-evento-de-engenharia-de-producao-do-brasil-em-2025-2\/","title":{"rendered":"Natal ser\u00e1 palco do maior evento de Engenharia de Produ\u00e7\u00e3o do Brasil em 2025!"},"content":{"rendered":"\n<p class=\"has-text-align-left\">Em 2025, Natal\/RN, conhecida por suas paisagens deslumbrantes e cultura acolhedora, receber\u00e1 a 45\u00aa edi\u00e7\u00e3o do maior evento de Engenharia de Produ\u00e7\u00e3o do Brasil.<\/p>\n\n\n\n<p>O encontro, que re\u00fane os principais profissionais, acad\u00eamicos e empresas da \u00e1rea, promete uma programa\u00e7\u00e3o rica em palestras, workshops e oportunidades de networking.<\/p>\n\n\n\n<p>Al\u00e9m disso, os participantes ter\u00e3o a chance de explorar as belezas naturais e culturais de Natal, tornando o ENEGEP 2025 ainda mais especial.<\/p>\n\n\n\n<p>\ud83d\udcc5 Data: <strong>14 a 17 de Outubro de 2025<\/strong><\/p>\n\n\n\n<p>\ud83d\udccd Local: <strong>Natal\/RN<\/strong><\/p>\n\n\n\n<p>Fique atento \u00e0s nossas redes sociais e garanta sua participa\u00e7\u00e3o!<\/p>\n\n\n\n<figure class=\"wp-block-image aligncenter size-large\"><img fetchpriority=\"high\" decoding=\"async\" width=\"819\" height=\"1024\" src=\"https:\/\/portal.abepro.org.br\/abepro2025\/wp-content\/uploads\/2024\/12\/ENEGEP25-1-819x1024.png\" alt=\"\" class=\"wp-image-5516\" srcset=\"https:\/\/portal.abepro.org.br\/abepro2025\/wp-content\/uploads\/2024\/12\/ENEGEP25-1-819x1024.png 819w, https:\/\/portal.abepro.org.br\/abepro2025\/wp-content\/uploads\/2024\/12\/ENEGEP25-1-240x300.png 240w, https:\/\/portal.abepro.org.br\/abepro2025\/wp-content\/uploads\/2024\/12\/ENEGEP25-1-768x960.png 768w, https:\/\/portal.abepro.org.br\/abepro2025\/wp-content\/uploads\/2024\/12\/ENEGEP25-1.png 1200w\" sizes=\"(max-width: 819px) 100vw, 819px\" \/><\/figure>\n\n\n\n<p><\/p>\n","protected":false},"excerpt":{"rendered":"<p>Em 2025, Natal\/RN, conhecida por suas paisagens deslumbrantes e cultura acolhedora, receber\u00e1 a 45\u00aa edi\u00e7\u00e3o do maior evento de Engenharia de Produ\u00e7\u00e3o do Brasil. O encontro, que re\u00fane os principais profissionais, acad\u00eamicos e empresas da \u00e1rea, promete uma programa\u00e7\u00e3o rica em palestras, workshops e oportunidades de networking. Al\u00e9m disso, os participantes ter\u00e3o a chance de [&hellip;]<\/p>\n","protected":false},"author":1,"featured_media":5515,"comment_status":"open","ping_status":"open","sticky":false,"template":"","format":"standard","meta":{"footnotes":""},"categories":[11,6],"tags":[],"class_list":["post-5514","post","type-post","status-publish","format-standard","has-post-thumbnail","hentry","category-abj","category-noticias"],"_links":{"self":[{"href":"https:\/\/portal.abepro.org.br\/abepro2025\/wp-json\/wp\/v2\/posts\/5514","targetHints":{"allow":["GET"]}}],"collection":[{"href":"https:\/\/portal.abepro.org.br\/abepro2025\/wp-json\/wp\/v2\/posts"}],"about":[{"href":"https:\/\/portal.abepro.org.br\/abepro2025\/wp-json\/wp\/v2\/types\/post"}],"author":[{"embeddable":true,"href":"https:\/\/portal.abepro.org.br\/abepro2025\/wp-json\/wp\/v2\/users\/1"}],"replies":[{"embeddable":true,"href":"https:\/\/portal.abepro.org.br\/abepro2025\/wp-json\/wp\/v2\/comments?post=5514"}],"version-history":[{"count":0,"href":"https:\/\/portal.abepro.org.br\/abepro2025\/wp-json\/wp\/v2\/posts\/5514\/revisions"}],"wp:featuredmedia":[{"embeddable":true,"href":"https:\/\/portal.abepro.org.br\/abepro2025\/wp-json\/wp\/v2\/media\/5515"}],"wp:attachment":[{"href":"https:\/\/portal.abepro.org.br\/abepro2025\/wp-json\/wp\/v2\/media?parent=5514"}],"wp:term":[{"taxonomy":"category","embeddable":true,"href":"https:\/\/portal.abepro.org.br\/abepro2025\/wp-json\/wp\/v2\/categories?post=5514"},{"taxonomy":"post_tag","embeddable":true,"href":"https:\/\/portal.abepro.org.br\/abepro2025\/wp-json\/wp\/v2\/tags?post=5514"}],"curies":[{"name":"wp","href":"https:\/\/api.w.org\/{rel}","templated":true}]}}