{"id":5518,"date":"2024-12-13T09:15:50","date_gmt":"2024-12-13T12:15:50","guid":{"rendered":"https:\/\/portal.abepro.org.br\/abepro2024\/?p=5518"},"modified":"2024-12-13T09:15:50","modified_gmt":"2024-12-13T12:15:50","slug":"processo-eleitoral-para-a-gestao-2025-da-abepro-jovem-2","status":"publish","type":"post","link":"https:\/\/portal.abepro.org.br\/abepro2025\/processo-eleitoral-para-a-gestao-2025-da-abepro-jovem-2\/","title":{"rendered":"Processo Eleitoral para a Gest\u00e3o 2025 da ABEPRO Jovem"},"content":{"rendered":"\n<p>O Grupo de Trabalho Discente da Associa\u00e7\u00e3o Brasileira de Engenharia de Produ\u00e7\u00e3o &#8211; a ABEPRO Jovem anunciou a abertura do processo eleitoral para a Gest\u00e3o 2025. Este \u00e9 um momento significativo para estudantes e jovens profissionais da \u00e1rea, oferecendo a oportunidade de integrar a Diretoria do grupo e contribuir ativamente para o avan\u00e7o da Engenharia de Produ\u00e7\u00e3o no Brasil. Publica\u00e7\u00e3o no instagram: <a href=\"https:\/\/www.instagram.com\/p\/DDIdRP9vEis\/?img_index=1\">https:\/\/www.instagram.com\/p\/DDIdRP9vEis\/?img_index=1<\/a><\/p>\n\n\n\n<p><strong>Por que participar?<\/strong><\/p>\n\n\n\n<p>Fazer parte da Diretoria da ABEPRO Jovem \u00e9 uma oportunidade estrat\u00e9gica para desenvolver compet\u00eancias de lideran\u00e7a e gest\u00e3o, ampliar a rede de contatos profissionais e assumir um papel ativo no fortalecimento da comunidade de Engenharia de Produ\u00e7\u00e3o. Al\u00e9m disso, \u00e9 uma chance de colaborar no planejamento e execu\u00e7\u00e3o de iniciativas que impactam diretamente a forma\u00e7\u00e3o e atua\u00e7\u00e3o de profissionais da \u00e1rea.<\/p>\n\n\n\n<p><strong>Como participar?<\/strong><\/p>\n\n\n\n<p>Para participar, o primeiro passo \u00e9 acessar o edital do processo eleitoral, dispon\u00edvel no link: <a href=\"https:\/\/drive.google.com\/file\/d\/1zNPfJYBfpeEud3Uy5LjttSd8BvhFN6dX\/view\">https:\/\/drive.google.com\/file\/d\/1zNPfJYBfpeEud3Uy5LjttSd8BvhFN6dX\/view<\/a>. O documento apresenta todas as informa\u00e7\u00f5es detalhadas sobre crit\u00e9rios de participa\u00e7\u00e3o, etapas do processo e prazos a serem seguidos. Com base no edital, os interessados devem formar uma equipe e inscrever sua chapa, seguindo as orienta\u00e7\u00f5es descritas. \u00c9 fundamental observar os prazos estipulados para inscri\u00e7\u00e3o e as demais etapas do processo.<\/p>\n\n\n\n<p><strong>Benef\u00edcios de participar da gest\u00e3o<\/strong><\/p>\n\n\n\n<p>A atua\u00e7\u00e3o na Diretoria da ABEPRO Jovem proporciona uma experi\u00eancia pr\u00e1tica em gest\u00e3o e lideran\u00e7a, permitindo a participa\u00e7\u00e3o direta no planejamento de eventos e projetos estrat\u00e9gicos. Os membros tamb\u00e9m fortalecem a representatividade estudantil e profissional no setor de Engenharia de Produ\u00e7\u00e3o, al\u00e9m de desenvolver habilidades que impactam positivamente suas carreiras.<\/p>\n\n\n\n<p><strong>Prazos e pr\u00f3ximos passos<\/strong><\/p>\n\n\n\n<p>Os interessados devem acessar o edital, formar suas chapas e submeter as inscri\u00e7\u00f5es dentro do per\u00edodo estipulado. Estar atento \u00e0s datas e cumprir todas as exig\u00eancias s\u00e3o passos essenciais para garantir a participa\u00e7\u00e3o no processo eleitoral.<\/p>\n\n\n\n<p><strong>CRONOGRAMA GERAL<\/strong><\/p>\n\n\n\n<ol class=\"wp-block-list\">\n<li>Publica\u00e7\u00e3o do Edital &#8211; 03\/12\/2024<\/li>\n\n\n\n<li>Inscri\u00e7\u00f5es das chapas &#8211; 04\/12\/2024 a 10\/12\/2024<\/li>\n\n\n\n<li>Homologa\u00e7\u00e3o das chapas &#8211; 12\/12\/2024<\/li>\n\n\n\n<li>Divulga\u00e7\u00e3o das chapas &#8211; 12\/12\/2024<\/li>\n\n\n\n<li>Per\u00edodo de campanha eleitoral &#8211; 12\/12\/2024 a 17\/12\/2024<\/li>\n\n\n\n<li>Divulga\u00e7\u00e3o da lista de aptos a votar &#8211; At\u00e9 18\/12\/2024<\/li>\n\n\n\n<li>Per\u00edodo de vota\u00e7\u00e3o &#8211; 18\/12\/2024 a 23\/12\/2024<\/li>\n\n\n\n<li>Resultado &#8211; 26\/12\/2024<\/li>\n\n\n\n<li>Contesta\u00e7\u00e3o das Elei\u00e7\u00f5es &#8211; 26\/12\/2024 a 30\/12\/2024<\/li>\n\n\n\n<li>Resultado das contesta\u00e7\u00f5es &#8211; At\u00e9 31\/12\/2024<\/li>\n<\/ol>\n","protected":false},"excerpt":{"rendered":"<p>O Grupo de Trabalho Discente da Associa\u00e7\u00e3o Brasileira de Engenharia de Produ\u00e7\u00e3o &#8211; a ABEPRO Jovem anunciou a abertura do processo eleitoral para a Gest\u00e3o 2025. Este \u00e9 um momento significativo para estudantes e jovens profissionais da \u00e1rea, oferecendo a oportunidade de integrar a Diretoria do grupo e contribuir ativamente para o avan\u00e7o da Engenharia [&hellip;]<\/p>\n","protected":false},"author":1,"featured_media":5520,"comment_status":"open","ping_status":"open","sticky":false,"template":"","format":"standard","meta":{"footnotes":""},"categories":[11,6],"tags":[],"class_list":["post-5518","post","type-post","status-publish","format-standard","has-post-thumbnail","hentry","category-abj","category-noticias"],"_links":{"self":[{"href":"https:\/\/portal.abepro.org.br\/abepro2025\/wp-json\/wp\/v2\/posts\/5518","targetHints":{"allow":["GET"]}}],"collection":[{"href":"https:\/\/portal.abepro.org.br\/abepro2025\/wp-json\/wp\/v2\/posts"}],"about":[{"href":"https:\/\/portal.abepro.org.br\/abepro2025\/wp-json\/wp\/v2\/types\/post"}],"author":[{"embeddable":true,"href":"https:\/\/portal.abepro.org.br\/abepro2025\/wp-json\/wp\/v2\/users\/1"}],"replies":[{"embeddable":true,"href":"https:\/\/portal.abepro.org.br\/abepro2025\/wp-json\/wp\/v2\/comments?post=5518"}],"version-history":[{"count":0,"href":"https:\/\/portal.abepro.org.br\/abepro2025\/wp-json\/wp\/v2\/posts\/5518\/revisions"}],"wp:featuredmedia":[{"embeddable":true,"href":"https:\/\/portal.abepro.org.br\/abepro2025\/wp-json\/wp\/v2\/media\/5520"}],"wp:attachment":[{"href":"https:\/\/portal.abepro.org.br\/abepro2025\/wp-json\/wp\/v2\/media?parent=5518"}],"wp:term":[{"taxonomy":"category","embeddable":true,"href":"https:\/\/portal.abepro.org.br\/abepro2025\/wp-json\/wp\/v2\/categories?post=5518"},{"taxonomy":"post_tag","embeddable":true,"href":"https:\/\/portal.abepro.org.br\/abepro2025\/wp-json\/wp\/v2\/tags?post=5518"}],"curies":[{"name":"wp","href":"https:\/\/api.w.org\/{rel}","templated":true}]}}