{"id":5533,"date":"2025-01-20T09:42:39","date_gmt":"2025-01-20T12:42:39","guid":{"rendered":"https:\/\/portal.abepro.org.br\/abepro2024\/?p=5533"},"modified":"2025-01-20T09:42:39","modified_gmt":"2025-01-20T12:42:39","slug":"unifal-mg-abre-concurso-para-contratacao-de-docentes-no-curso-de-engenharia-de-producao","status":"publish","type":"post","link":"https:\/\/portal.abepro.org.br\/abepro2025\/unifal-mg-abre-concurso-para-contratacao-de-docentes-no-curso-de-engenharia-de-producao\/","title":{"rendered":"Unifal-MG abre concurso para contrata\u00e7\u00e3o de docentes no curso de Engenharia de Produ\u00e7\u00e3o"},"content":{"rendered":"\t\t<div data-elementor-type=\"wp-post\" data-elementor-id=\"5533\" class=\"elementor elementor-5533\" data-elementor-post-type=\"post\">\n\t\t\t\t\t\t<section class=\"elementor-section elementor-top-section elementor-element elementor-element-e9371a2 elementor-section-boxed elementor-section-height-default elementor-section-height-default\" data-id=\"e9371a2\" data-element_type=\"section\">\n\t\t\t\t\t\t<div class=\"elementor-container elementor-column-gap-default\">\n\t\t\t\t\t<div class=\"elementor-column elementor-col-100 elementor-top-column elementor-element elementor-element-2c8dd52\" data-id=\"2c8dd52\" data-element_type=\"column\">\n\t\t\t<div class=\"elementor-widget-wrap elementor-element-populated\">\n\t\t\t\t\t\t<div class=\"elementor-element elementor-element-e63c63c elementor-widget elementor-widget-text-editor\" data-id=\"e63c63c\" data-element_type=\"widget\" data-widget_type=\"text-editor.default\">\n\t\t\t\t<div class=\"elementor-widget-container\">\n\t\t\t\t\t\t\t\t\t<p data-pm-slice=\"1 1 []\"><span style=\"color: #333333;\">A Universidade Federal de Alfenas (Unifal-MG) informa a abertura de inscri\u00e7\u00f5es para o concurso de contrata\u00e7\u00e3o de docentes no curso de Gradua\u00e7\u00e3o em Engenharia de Produ\u00e7\u00e3o.<\/span><\/p><p><span style=\"color: #333333;\">Campus: Instituto de Ci\u00eancia e Tecnologia (ICT) &#8211; Po\u00e7os de Caldas\/MG.<\/span><\/p><p><span style=\"color: #333333;\">Para acessar o edital completo e obter mais informa\u00e7\u00f5es <a href=\"https:\/\/www.unifal-mg.edu.br\/dips\/professor-do-magisterio-superior\/\" target=\"_blank\" rel=\"noopener\">Clique aqui.<\/a><\/span><\/p><p><span style=\"color: #333333;\">Contato: engenharia.producao@unifal-mg.edu.br<\/span><\/p>\t\t\t\t\t\t\t\t<\/div>\n\t\t\t\t<\/div>\n\t\t\t\t\t<\/div>\n\t\t<\/div>\n\t\t\t\t\t<\/div>\n\t\t<\/section>\n\t\t\t\t<\/div>\n\t\t","protected":false},"excerpt":{"rendered":"<p>A Universidade Federal de Alfenas (Unifal-MG) informa a abertura de inscri\u00e7\u00f5es para o concurso de contrata\u00e7\u00e3o de docentes no curso de Gradua\u00e7\u00e3o em Engenharia de Produ\u00e7\u00e3o.<\/p>\n<p>Campus: Instituto de Ci\u00eancia e Tecnologia (ICT) &#8211; Po\u00e7os de Caldas\/MG.<br \/>\nPara acessar o edital completo e obter mais informa\u00e7\u00f5es:<br \/>\nhttps:\/\/www.unifal-mg.edu.br\/dips\/professor-do-magisterio-superior\/<br \/>\nengenharia.producao@unifal-mg.edu.br<\/p>\n","protected":false},"author":1,"featured_media":5535,"comment_status":"open","ping_status":"open","sticky":false,"template":"","format":"standard","meta":{"footnotes":""},"categories":[6],"tags":[],"class_list":["post-5533","post","type-post","status-publish","format-standard","has-post-thumbnail","hentry","category-noticias"],"_links":{"self":[{"href":"https:\/\/portal.abepro.org.br\/abepro2025\/wp-json\/wp\/v2\/posts\/5533","targetHints":{"allow":["GET"]}}],"collection":[{"href":"https:\/\/portal.abepro.org.br\/abepro2025\/wp-json\/wp\/v2\/posts"}],"about":[{"href":"https:\/\/portal.abepro.org.br\/abepro2025\/wp-json\/wp\/v2\/types\/post"}],"author":[{"embeddable":true,"href":"https:\/\/portal.abepro.org.br\/abepro2025\/wp-json\/wp\/v2\/users\/1"}],"replies":[{"embeddable":true,"href":"https:\/\/portal.abepro.org.br\/abepro2025\/wp-json\/wp\/v2\/comments?post=5533"}],"version-history":[{"count":0,"href":"https:\/\/portal.abepro.org.br\/abepro2025\/wp-json\/wp\/v2\/posts\/5533\/revisions"}],"wp:featuredmedia":[{"embeddable":true,"href":"https:\/\/portal.abepro.org.br\/abepro2025\/wp-json\/wp\/v2\/media\/5535"}],"wp:attachment":[{"href":"https:\/\/portal.abepro.org.br\/abepro2025\/wp-json\/wp\/v2\/media?parent=5533"}],"wp:term":[{"taxonomy":"category","embeddable":true,"href":"https:\/\/portal.abepro.org.br\/abepro2025\/wp-json\/wp\/v2\/categories?post=5533"},{"taxonomy":"post_tag","embeddable":true,"href":"https:\/\/portal.abepro.org.br\/abepro2025\/wp-json\/wp\/v2\/tags?post=5533"}],"curies":[{"name":"wp","href":"https:\/\/api.w.org\/{rel}","templated":true}]}}