{"id":5597,"date":"2025-02-03T15:20:26","date_gmt":"2025-02-03T18:20:26","guid":{"rendered":"https:\/\/portal.abepro.org.br\/abepro2024\/?p=5597"},"modified":"2025-02-03T15:20:26","modified_gmt":"2025-02-03T18:20:26","slug":"celebrando-45-enegeps-recordacoes-que-inspiram","status":"publish","type":"post","link":"https:\/\/portal.abepro.org.br\/abepro2025\/celebrando-45-enegeps-recordacoes-que-inspiram\/","title":{"rendered":"Celebrando 45 ENEGEP\u2019s: recorda\u00e7\u00f5es que inspiram"},"content":{"rendered":"\t\t<div data-elementor-type=\"wp-post\" data-elementor-id=\"5597\" class=\"elementor elementor-5597\" data-elementor-post-type=\"post\">\n\t\t\t\t\t\t<section class=\"elementor-section elementor-top-section elementor-element elementor-element-f6a93c4 elementor-section-boxed elementor-section-height-default elementor-section-height-default\" data-id=\"f6a93c4\" data-element_type=\"section\">\n\t\t\t\t\t\t<div class=\"elementor-container elementor-column-gap-default\">\n\t\t\t\t\t<div class=\"elementor-column elementor-col-100 elementor-top-column elementor-element elementor-element-9e788d8\" data-id=\"9e788d8\" data-element_type=\"column\">\n\t\t\t<div class=\"elementor-widget-wrap elementor-element-populated\">\n\t\t\t\t\t\t<div class=\"elementor-element elementor-element-b6c4ba8 elementor-widget elementor-widget-text-editor\" data-id=\"b6c4ba8\" data-element_type=\"widget\" data-widget_type=\"text-editor.default\">\n\t\t\t\t<div class=\"elementor-widget-container\">\n\t\t\t\t\t\t\t\t\t<p>Ao longo de 45 edi\u00e7\u00f5es, o ENEGEP se tornou mais do que um evento: \u00e9 um marco na hist\u00f3ria de quem vive a Engenharia de Produ\u00e7\u00e3o! Foram momentos marcantes que impulsionaram carreiras, criaram conex\u00f5es e fortaleceram amizades.<\/p><p>Com a Campanha Recorda\u00e7\u00f5es ENEGEP\u2019s, queremos celebrar essas hist\u00f3rias e relembrar o impacto transformador que esse encontro teve na vida de tantas pessoas. Seja em momentos \u00fanicos ou no networking que uniu profissionais e acad\u00eamicos, cada edi\u00e7\u00e3o deixa uma marca inesquec\u00edvel.<\/p><p>Quais s\u00e3o suas melhores lembran\u00e7as do ENEGEP? Participe da campanha e relembre-as!\u00a0<\/p><p>Acesse:\u00a0<a style=\"background-color: #ffffff; transition-property: all;\" href=\"https:\/\/portal.abepro.org.br\/abepro2024\/wp-content\/uploads\/2025\/02\/Edital-campanha-recordacoes.pdf\">Edital Campanha Recorda\u00e7\u00f5es<\/a><\/p><p><span style=\"font-style: inherit; font-weight: inherit; background-color: var(--ast-global-color-5);\"><a href=\"http:\/\/forms.gle\/vvCdbSafSmyyqZ5H9\">Acesse aqui <\/a>o formul\u00e1rio!<\/span><\/p><p><span style=\"font-style: inherit; font-weight: inherit; background-color: var(--ast-global-color-5);\">Em caso de d\u00favidas, entre em contato com a equipe organizadora!<\/span><\/p><p>secretaria@abepro.org.br<\/p><p>\u00a0(12) 99683-1184<\/p><p>#recordacoesenegep #45enegep #enegep #enegep2025 #abepro #engenhariadeproducao #engdeproducao<\/p>\t\t\t\t\t\t\t\t<\/div>\n\t\t\t\t<\/div>\n\t\t\t\t\t<\/div>\n\t\t<\/div>\n\t\t\t\t\t<\/div>\n\t\t<\/section>\n\t\t\t\t<\/div>\n\t\t","protected":false},"excerpt":{"rendered":"<p>Ao longo de 45 edi\u00e7\u00f5es, o ENEGEP se tornou mais do que um evento: \u00e9 um marco na hist\u00f3ria de quem vive a Engenharia de Produ\u00e7\u00e3o! Foram momentos marcantes que impulsionaram carreiras, criaram conex\u00f5es e fortaleceram amizades. Com a Campanha Recorda\u00e7\u00f5es ENEGEP\u2019s, queremos celebrar essas hist\u00f3rias e relembrar o impacto transformador que esse encontro teve [&hellip;]<\/p>\n","protected":false},"author":1,"featured_media":5603,"comment_status":"open","ping_status":"open","sticky":false,"template":"","format":"standard","meta":{"footnotes":""},"categories":[5,6],"tags":[],"class_list":["post-5597","post","type-post","status-publish","format-standard","has-post-thumbnail","hentry","category-avisos","category-noticias"],"_links":{"self":[{"href":"https:\/\/portal.abepro.org.br\/abepro2025\/wp-json\/wp\/v2\/posts\/5597","targetHints":{"allow":["GET"]}}],"collection":[{"href":"https:\/\/portal.abepro.org.br\/abepro2025\/wp-json\/wp\/v2\/posts"}],"about":[{"href":"https:\/\/portal.abepro.org.br\/abepro2025\/wp-json\/wp\/v2\/types\/post"}],"author":[{"embeddable":true,"href":"https:\/\/portal.abepro.org.br\/abepro2025\/wp-json\/wp\/v2\/users\/1"}],"replies":[{"embeddable":true,"href":"https:\/\/portal.abepro.org.br\/abepro2025\/wp-json\/wp\/v2\/comments?post=5597"}],"version-history":[{"count":0,"href":"https:\/\/portal.abepro.org.br\/abepro2025\/wp-json\/wp\/v2\/posts\/5597\/revisions"}],"wp:featuredmedia":[{"embeddable":true,"href":"https:\/\/portal.abepro.org.br\/abepro2025\/wp-json\/wp\/v2\/media\/5603"}],"wp:attachment":[{"href":"https:\/\/portal.abepro.org.br\/abepro2025\/wp-json\/wp\/v2\/media?parent=5597"}],"wp:term":[{"taxonomy":"category","embeddable":true,"href":"https:\/\/portal.abepro.org.br\/abepro2025\/wp-json\/wp\/v2\/categories?post=5597"},{"taxonomy":"post_tag","embeddable":true,"href":"https:\/\/portal.abepro.org.br\/abepro2025\/wp-json\/wp\/v2\/tags?post=5597"}],"curies":[{"name":"wp","href":"https:\/\/api.w.org\/{rel}","templated":true}]}}