{"id":5622,"date":"2025-02-17T16:09:08","date_gmt":"2025-02-17T19:09:08","guid":{"rendered":"https:\/\/portal.abepro.org.br\/abepro2024\/?p=5622"},"modified":"2025-02-17T16:09:08","modified_gmt":"2025-02-17T19:09:08","slug":"ufabc-abre-inscricoes-para-mestrado-em-engenharia-da-producao","status":"publish","type":"post","link":"https:\/\/portal.abepro.org.br\/abepro2025\/ufabc-abre-inscricoes-para-mestrado-em-engenharia-da-producao\/","title":{"rendered":"UFABC abre inscri\u00e7\u00f5es para Mestrado em Engenharia da Produ\u00e7\u00e3o"},"content":{"rendered":"\t\t<div data-elementor-type=\"wp-post\" data-elementor-id=\"5622\" class=\"elementor elementor-5622\" data-elementor-post-type=\"post\">\n\t\t\t\t\t\t<section class=\"elementor-section elementor-top-section elementor-element elementor-element-1b661e80 elementor-section-boxed elementor-section-height-default elementor-section-height-default\" data-id=\"1b661e80\" data-element_type=\"section\">\n\t\t\t\t\t\t<div class=\"elementor-container elementor-column-gap-default\">\n\t\t\t\t\t<div class=\"elementor-column elementor-col-100 elementor-top-column elementor-element elementor-element-368e93f1\" data-id=\"368e93f1\" data-element_type=\"column\">\n\t\t\t<div class=\"elementor-widget-wrap elementor-element-populated\">\n\t\t\t\t\t\t<div class=\"elementor-element elementor-element-19c481bb elementor-widget elementor-widget-text-editor\" data-id=\"19c481bb\" data-element_type=\"widget\" data-widget_type=\"text-editor.default\">\n\t\t\t\t<div class=\"elementor-widget-container\">\n\t\t\t\t\t\t\t\t\t<p data-pm-slice=\"1 1 []\"><strong>UFABC abre inscri\u00e7\u00f5es para Mestrado em Engenharia da Produ\u00e7\u00e3o<\/strong><\/p><p>A Universidade Federal do ABC (UFABC) est\u00e1 com inscri\u00e7\u00f5es abertas para o seu programa de Mestrado em Engenharia da Produ\u00e7\u00e3o. Com ensino p\u00fablico e gratuito, o curso oferece oportunidades para aprofundamento acad\u00eamico e desenvolvimento profissional em duas linhas de pesquisa:<\/p><ol><li data-list-indent=\"1\" data-list-type=\"bulleted\" style=\"margin-left: 32px\"><p><strong>Manufatura Avan\u00e7ada e Intelig\u00eancia Artificial<\/strong><\/p><\/li><li data-list-indent=\"1\" data-list-type=\"bulleted\" style=\"margin-left: 32px\"><p><strong>Ger\u00eancia de Produ\u00e7\u00e3o e Opera\u00e7\u00f5es<\/strong><\/p><\/li><\/ol><p><span style=\"font-style: inherit; font-weight: inherit; background-color: var(--ast-global-color-5);\">As vagas s\u00e3o limitadas, e os interessados t\u00eam at\u00e9 o dia <\/span><strong style=\"font-style: inherit; background-color: var(--ast-global-color-5);\">2 de mar\u00e7o de 2025<\/strong><span style=\"font-style: inherit; font-weight: inherit; background-color: var(--ast-global-color-5);\"> para se inscrever.<\/span><\/p><p>\ud83d\udccc Para mais informa\u00e7\u00f5es e inscri\u00e7\u00f5es, acesse: <a href=\"https:\/\/propg.ufabc.edu.br\/processos-seletivos\/\">propg.ufabc.edu.br\/processos-seletivos<\/a><\/p>\t\t\t\t\t\t\t\t<\/div>\n\t\t\t\t<\/div>\n\t\t\t\t\t<\/div>\n\t\t<\/div>\n\t\t\t\t\t<\/div>\n\t\t<\/section>\n\t\t\t\t<\/div>\n\t\t","protected":false},"excerpt":{"rendered":"<p>A Universidade Federal do ABC (UFABC) est\u00e1 com inscri\u00e7\u00f5es abertas para o seu programa de Mestrado em Engenharia da Produ\u00e7\u00e3o. Com ensino p\u00fablico e gratuito, o curso oferece oportunidades para aprofundamento acad\u00eamico e desenvolvimento profissional em duas linhas de pesquisa: 1- Manufatura Avan\u00e7ada e Intelig\u00eancia Artificial 2- Ger\u00eancia de Produ\u00e7\u00e3o e Opera\u00e7\u00f5es As vagas s\u00e3o [&hellip;]<\/p>\n","protected":false},"author":1,"featured_media":5623,"comment_status":"open","ping_status":"open","sticky":false,"template":"","format":"standard","meta":{"footnotes":""},"categories":[6],"tags":[],"class_list":["post-5622","post","type-post","status-publish","format-standard","has-post-thumbnail","hentry","category-noticias"],"_links":{"self":[{"href":"https:\/\/portal.abepro.org.br\/abepro2025\/wp-json\/wp\/v2\/posts\/5622","targetHints":{"allow":["GET"]}}],"collection":[{"href":"https:\/\/portal.abepro.org.br\/abepro2025\/wp-json\/wp\/v2\/posts"}],"about":[{"href":"https:\/\/portal.abepro.org.br\/abepro2025\/wp-json\/wp\/v2\/types\/post"}],"author":[{"embeddable":true,"href":"https:\/\/portal.abepro.org.br\/abepro2025\/wp-json\/wp\/v2\/users\/1"}],"replies":[{"embeddable":true,"href":"https:\/\/portal.abepro.org.br\/abepro2025\/wp-json\/wp\/v2\/comments?post=5622"}],"version-history":[{"count":0,"href":"https:\/\/portal.abepro.org.br\/abepro2025\/wp-json\/wp\/v2\/posts\/5622\/revisions"}],"wp:featuredmedia":[{"embeddable":true,"href":"https:\/\/portal.abepro.org.br\/abepro2025\/wp-json\/wp\/v2\/media\/5623"}],"wp:attachment":[{"href":"https:\/\/portal.abepro.org.br\/abepro2025\/wp-json\/wp\/v2\/media?parent=5622"}],"wp:term":[{"taxonomy":"category","embeddable":true,"href":"https:\/\/portal.abepro.org.br\/abepro2025\/wp-json\/wp\/v2\/categories?post=5622"},{"taxonomy":"post_tag","embeddable":true,"href":"https:\/\/portal.abepro.org.br\/abepro2025\/wp-json\/wp\/v2\/tags?post=5622"}],"curies":[{"name":"wp","href":"https:\/\/api.w.org\/{rel}","templated":true}]}}