{"id":5776,"date":"2025-03-12T14:05:33","date_gmt":"2025-03-12T14:05:33","guid":{"rendered":"https:\/\/portal.abepro.org.br\/abepro2025\/?p=5776"},"modified":"2025-03-12T14:09:41","modified_gmt":"2025-03-12T14:09:41","slug":"vagas-para-professor-efetivo-na-ufal","status":"publish","type":"post","link":"https:\/\/portal.abepro.org.br\/abepro2025\/vagas-para-professor-efetivo-na-ufal\/","title":{"rendered":"Vagas para Professor Efetivo na UFAL"},"content":{"rendered":"\t\t<div data-elementor-type=\"wp-post\" data-elementor-id=\"5776\" class=\"elementor elementor-5776\" data-elementor-post-type=\"post\">\n\t\t\t\t<div class=\"elementor-element elementor-element-bf4e30f e-flex e-con-boxed e-con e-parent\" data-id=\"bf4e30f\" data-element_type=\"container\">\n\t\t\t\t\t<div class=\"e-con-inner\">\n\t\t\t\t<div class=\"elementor-element elementor-element-d63feed elementor-widget elementor-widget-text-editor\" data-id=\"d63feed\" data-element_type=\"widget\" data-widget_type=\"text-editor.default\">\n\t\t\t\t<div class=\"elementor-widget-container\">\n\t\t\t\t\t\t\t\t\t<p data-pm-slice=\"1 1 []\">A Universidade Federal de Alagoas (UFAL) est\u00e1 com inscri\u00e7\u00f5es abertas para concurso p\u00fablico visando o preenchimento de vagas para <strong>Professor Efetivo<\/strong> no <strong>Curso de Engenharia de Produ\u00e7\u00e3o<\/strong>.<\/p><p><strong>Informa\u00e7\u00f5es principais:<\/strong><\/p><ol class=\"ProsemirrorEditor-list\"><li class=\"ProsemirrorEditor-listItem\" data-list-indent=\"1\" data-list-type=\"bulleted\"><p><strong>Regime de trabalho:<\/strong> 40 horas semanais com Dedica\u00e7\u00e3o Exclusiva.<\/p><\/li><li class=\"ProsemirrorEditor-listItem\" data-list-indent=\"1\" data-list-type=\"bulleted\"><p><strong>\u00c1reas:<\/strong> Gest\u00e3o da Produ\u00e7\u00e3o e Opera\u00e7\u00f5es; Gest\u00e3o da Qualidade.<\/p><\/li><li class=\"ProsemirrorEditor-listItem\" data-list-indent=\"1\" data-list-type=\"bulleted\"><p><strong>Titula\u00e7\u00e3o exigida:<\/strong> Gradua\u00e7\u00e3o em Engenharia de Produ\u00e7\u00e3o e Doutorado em Engenharia de Produ\u00e7\u00e3o ou Engenharias.<\/p><\/li><\/ol><p>Acesse as informa\u00e7\u00f5es completas e inscreva-se: <a class=\"ProsemirrorEditor-link\" href=\"https:\/\/copeve.ufal.br\/index.php?opcao=concurso&amp;idConcurso=580\">https:\/\/copeve.ufal.br\/index.php?opcao=concurso&amp;idConcurso=580<\/a><\/p>\t\t\t\t\t\t\t\t<\/div>\n\t\t\t\t<\/div>\n\t\t\t\t\t<\/div>\n\t\t\t\t<\/div>\n\t\t\t\t<\/div>\n\t\t","protected":false},"excerpt":{"rendered":"<p>A Universidade Federal de Alagoas (UFAL) est\u00e1 com inscri\u00e7\u00f5es abertas para concurso p\u00fablico visando o preenchimento de vagas para Professor Efetivo no Curso de Engenharia de Produ\u00e7\u00e3o. Informa\u00e7\u00f5es principais: Regime de trabalho: 40 horas semanais com Dedica\u00e7\u00e3o Exclusiva. \u00c1reas: Gest\u00e3o da Produ\u00e7\u00e3o e Opera\u00e7\u00f5es; Gest\u00e3o da Qualidade. Titula\u00e7\u00e3o exigida: Gradua\u00e7\u00e3o em Engenharia de Produ\u00e7\u00e3o e [&hellip;]<\/p>\n","protected":false},"author":1,"featured_media":5778,"comment_status":"open","ping_status":"open","sticky":false,"template":"","format":"standard","meta":{"footnotes":""},"categories":[6],"tags":[],"class_list":["post-5776","post","type-post","status-publish","format-standard","has-post-thumbnail","hentry","category-noticias"],"_links":{"self":[{"href":"https:\/\/portal.abepro.org.br\/abepro2025\/wp-json\/wp\/v2\/posts\/5776","targetHints":{"allow":["GET"]}}],"collection":[{"href":"https:\/\/portal.abepro.org.br\/abepro2025\/wp-json\/wp\/v2\/posts"}],"about":[{"href":"https:\/\/portal.abepro.org.br\/abepro2025\/wp-json\/wp\/v2\/types\/post"}],"author":[{"embeddable":true,"href":"https:\/\/portal.abepro.org.br\/abepro2025\/wp-json\/wp\/v2\/users\/1"}],"replies":[{"embeddable":true,"href":"https:\/\/portal.abepro.org.br\/abepro2025\/wp-json\/wp\/v2\/comments?post=5776"}],"version-history":[{"count":4,"href":"https:\/\/portal.abepro.org.br\/abepro2025\/wp-json\/wp\/v2\/posts\/5776\/revisions"}],"predecessor-version":[{"id":5781,"href":"https:\/\/portal.abepro.org.br\/abepro2025\/wp-json\/wp\/v2\/posts\/5776\/revisions\/5781"}],"wp:featuredmedia":[{"embeddable":true,"href":"https:\/\/portal.abepro.org.br\/abepro2025\/wp-json\/wp\/v2\/media\/5778"}],"wp:attachment":[{"href":"https:\/\/portal.abepro.org.br\/abepro2025\/wp-json\/wp\/v2\/media?parent=5776"}],"wp:term":[{"taxonomy":"category","embeddable":true,"href":"https:\/\/portal.abepro.org.br\/abepro2025\/wp-json\/wp\/v2\/categories?post=5776"},{"taxonomy":"post_tag","embeddable":true,"href":"https:\/\/portal.abepro.org.br\/abepro2025\/wp-json\/wp\/v2\/tags?post=5776"}],"curies":[{"name":"wp","href":"https:\/\/api.w.org\/{rel}","templated":true}]}}