{"id":5821,"date":"2025-04-08T11:53:25","date_gmt":"2025-04-08T11:53:25","guid":{"rendered":"https:\/\/portal.abepro.org.br\/abepro2025\/?p=5821"},"modified":"2025-04-08T11:55:28","modified_gmt":"2025-04-08T11:55:28","slug":"universidade-de-aveiro-abre-concurso-para-professor-associado-na-area-de-gesta","status":"publish","type":"post","link":"https:\/\/portal.abepro.org.br\/abepro2025\/universidade-de-aveiro-abre-concurso-para-professor-associado-na-area-de-gesta\/","title":{"rendered":"Universidade de Aveiro abre concurso para Professor Associado na \u00e1rea de Gest\u00e3"},"content":{"rendered":"\t\t<div data-elementor-type=\"wp-post\" data-elementor-id=\"5821\" class=\"elementor elementor-5821\" data-elementor-post-type=\"post\">\n\t\t\t\t<div class=\"elementor-element elementor-element-d15e662 e-flex e-con-boxed e-con e-parent\" data-id=\"d15e662\" data-element_type=\"container\">\n\t\t\t\t\t<div class=\"e-con-inner\">\n\t\t\t\t<div class=\"elementor-element elementor-element-8eb5d13 elementor-widget elementor-widget-text-editor\" data-id=\"8eb5d13\" data-element_type=\"widget\" data-widget_type=\"text-editor.default\">\n\t\t\t\t<div class=\"elementor-widget-container\">\n\t\t\t\t\t\t\t\t\t<p data-pm-slice=\"1 1 []\">A Universidade de Aveiro informa a abertura do procedimento concursal para contrata\u00e7\u00e3o de um Professor Associado (M\/F) na \u00e1rea disciplinar de Gest\u00e3o.<\/p><p><strong>Refer\u00eancia<\/strong>: CD-CTFP-60-SGRH\/2025 \u2013 Edital n.\u00ba 448\/2025<\/p><p><strong>Publica\u00e7\u00e3o<\/strong>: Di\u00e1rio da Rep\u00fablica, 2.\u00aa S\u00e9rie, n.\u00ba 48, de 10 de mar\u00e7o de 2025<\/p><p><strong>Prazo de candidaturas<\/strong>: at\u00e9 22 de abril de 2025 (30 dias \u00fateis a contar da data de publica\u00e7\u00e3o)<\/p><p>O requerimento de candidatura deve ser elaborado conforme o edital.<\/p><p>\u00a0<\/p><p>Para mais informa\u00e7\u00f5es, acesse:<\/p><p><a class=\"ProsemirrorEditor-link\" href=\"https:\/\/www.ua.pt\/pt\/sgrh\/pessoal-docente-novos-concursos-e-ofertas\">www.ua.pt\/pt\/sgrh\/pessoal-docente-novos-concursos-e-ofertas<\/a><\/p>\t\t\t\t\t\t\t\t<\/div>\n\t\t\t\t<\/div>\n\t\t\t\t\t<\/div>\n\t\t\t\t<\/div>\n\t\t\t\t<\/div>\n\t\t","protected":false},"excerpt":{"rendered":"<p>A Universidade de Aveiro informa a abertura do procedimento concursal para contrata\u00e7\u00e3o de um Professor Associado (M\/F) na \u00e1rea disciplinar de Gest\u00e3o. Refer\u00eancia: CD-CTFP-60-SGRH\/2025 \u2013 Edital n.\u00ba 448\/2025 Publica\u00e7\u00e3o: Di\u00e1rio da Rep\u00fablica, 2.\u00aa S\u00e9rie, n.\u00ba 48, de 10 de mar\u00e7o de 2025 Prazo de candidaturas: at\u00e9 22 de abril de 2025 (30 dias \u00fateis a [&hellip;]<\/p>\n","protected":false},"author":1,"featured_media":5823,"comment_status":"open","ping_status":"open","sticky":false,"template":"","format":"standard","meta":{"footnotes":""},"categories":[6],"tags":[],"class_list":["post-5821","post","type-post","status-publish","format-standard","has-post-thumbnail","hentry","category-noticias"],"_links":{"self":[{"href":"https:\/\/portal.abepro.org.br\/abepro2025\/wp-json\/wp\/v2\/posts\/5821","targetHints":{"allow":["GET"]}}],"collection":[{"href":"https:\/\/portal.abepro.org.br\/abepro2025\/wp-json\/wp\/v2\/posts"}],"about":[{"href":"https:\/\/portal.abepro.org.br\/abepro2025\/wp-json\/wp\/v2\/types\/post"}],"author":[{"embeddable":true,"href":"https:\/\/portal.abepro.org.br\/abepro2025\/wp-json\/wp\/v2\/users\/1"}],"replies":[{"embeddable":true,"href":"https:\/\/portal.abepro.org.br\/abepro2025\/wp-json\/wp\/v2\/comments?post=5821"}],"version-history":[{"count":4,"href":"https:\/\/portal.abepro.org.br\/abepro2025\/wp-json\/wp\/v2\/posts\/5821\/revisions"}],"predecessor-version":[{"id":5826,"href":"https:\/\/portal.abepro.org.br\/abepro2025\/wp-json\/wp\/v2\/posts\/5821\/revisions\/5826"}],"wp:featuredmedia":[{"embeddable":true,"href":"https:\/\/portal.abepro.org.br\/abepro2025\/wp-json\/wp\/v2\/media\/5823"}],"wp:attachment":[{"href":"https:\/\/portal.abepro.org.br\/abepro2025\/wp-json\/wp\/v2\/media?parent=5821"}],"wp:term":[{"taxonomy":"category","embeddable":true,"href":"https:\/\/portal.abepro.org.br\/abepro2025\/wp-json\/wp\/v2\/categories?post=5821"},{"taxonomy":"post_tag","embeddable":true,"href":"https:\/\/portal.abepro.org.br\/abepro2025\/wp-json\/wp\/v2\/tags?post=5821"}],"curies":[{"name":"wp","href":"https:\/\/api.w.org\/{rel}","templated":true}]}}