{"id":5942,"date":"2025-06-26T12:35:08","date_gmt":"2025-06-26T12:35:08","guid":{"rendered":"https:\/\/portal.abepro.org.br\/abepro2025\/?p=5942"},"modified":"2025-06-26T12:38:18","modified_gmt":"2025-06-26T12:38:18","slug":"comissao-eleitoral-para-gestao-2026-2027-e-instalada","status":"publish","type":"post","link":"https:\/\/portal.abepro.org.br\/abepro2025\/comissao-eleitoral-para-gestao-2026-2027-e-instalada\/","title":{"rendered":"Comiss\u00e3o Eleitoral para Gest\u00e3o 2026-2027 \u00e9 Instalada"},"content":{"rendered":"\t\t<div data-elementor-type=\"wp-post\" data-elementor-id=\"5942\" class=\"elementor elementor-5942\" data-elementor-post-type=\"post\">\n\t\t\t\t<div class=\"elementor-element elementor-element-c565333 e-flex e-con-boxed e-con e-parent\" data-id=\"c565333\" data-element_type=\"container\">\n\t\t\t\t\t<div class=\"e-con-inner\">\n\t\t\t\t<div class=\"elementor-element elementor-element-f307606 elementor-widget elementor-widget-heading\" data-id=\"f307606\" data-element_type=\"widget\" data-widget_type=\"heading.default\">\n\t\t\t\t<div class=\"elementor-widget-container\">\n\t\t\t\t\t<h2 class=\"elementor-heading-title elementor-size-default\">Comiss\u00e3o Eleitoral para Gest\u00e3o 2026-2027 \u00e9 Instalada<\/h2>\t\t\t\t<\/div>\n\t\t\t\t<\/div>\n\t\t\t\t<div class=\"elementor-element elementor-element-542139a elementor-widget elementor-widget-text-editor\" data-id=\"542139a\" data-element_type=\"widget\" data-widget_type=\"text-editor.default\">\n\t\t\t\t<div class=\"elementor-widget-container\">\n\t\t\t\t\t\t\t\t\t<p>A ABEPRO instalou, em 26 de junho de 2025, a Comiss\u00e3o Eleitoral respons\u00e1vel por conduzir o processo de escolha da nova Diretoria Executiva e do Conselho Fiscal para a Gest\u00e3o 2026-2027.<br \/>O grupo ser\u00e1 respons\u00e1vel por organizar as etapas do processo eleitoral conforme o estatuto da associa\u00e7\u00e3o.<\/p><p><a href=\"https:\/\/portal.abepro.org.br\/abepro2025\/wp-content\/uploads\/2025\/06\/Eleicoes-2025-Ata-de-instalacao-da-comissao-eleitoral-1.pdf\" target=\"_blank\" rel=\"noopener\"><i data-stringify-type=\"italic\">Confira a ata de instala\u00e7\u00e3o da Comiss\u00e3o Eleitoral<\/i><\/a><\/p>\t\t\t\t\t\t\t\t<\/div>\n\t\t\t\t<\/div>\n\t\t\t\t\t<\/div>\n\t\t\t\t<\/div>\n\t\t\t\t<\/div>\n\t\t","protected":false},"excerpt":{"rendered":"<p>Comiss\u00e3o Eleitoral para Gest\u00e3o 2026-2027 \u00e9 Instalada A ABEPRO instalou, em 26 de junho de 2025, a Comiss\u00e3o Eleitoral respons\u00e1vel por conduzir o processo de escolha da nova Diretoria Executiva e do Conselho Fiscal para a Gest\u00e3o 2026-2027.O grupo ser\u00e1 respons\u00e1vel por organizar as etapas do processo eleitoral conforme o estatuto da associa\u00e7\u00e3o. Confira a [&hellip;]<\/p>\n","protected":false},"author":1,"featured_media":5946,"comment_status":"open","ping_status":"open","sticky":false,"template":"","format":"standard","meta":{"footnotes":""},"categories":[5,6],"tags":[],"class_list":["post-5942","post","type-post","status-publish","format-standard","has-post-thumbnail","hentry","category-avisos","category-noticias"],"_links":{"self":[{"href":"https:\/\/portal.abepro.org.br\/abepro2025\/wp-json\/wp\/v2\/posts\/5942","targetHints":{"allow":["GET"]}}],"collection":[{"href":"https:\/\/portal.abepro.org.br\/abepro2025\/wp-json\/wp\/v2\/posts"}],"about":[{"href":"https:\/\/portal.abepro.org.br\/abepro2025\/wp-json\/wp\/v2\/types\/post"}],"author":[{"embeddable":true,"href":"https:\/\/portal.abepro.org.br\/abepro2025\/wp-json\/wp\/v2\/users\/1"}],"replies":[{"embeddable":true,"href":"https:\/\/portal.abepro.org.br\/abepro2025\/wp-json\/wp\/v2\/comments?post=5942"}],"version-history":[{"count":7,"href":"https:\/\/portal.abepro.org.br\/abepro2025\/wp-json\/wp\/v2\/posts\/5942\/revisions"}],"predecessor-version":[{"id":5952,"href":"https:\/\/portal.abepro.org.br\/abepro2025\/wp-json\/wp\/v2\/posts\/5942\/revisions\/5952"}],"wp:featuredmedia":[{"embeddable":true,"href":"https:\/\/portal.abepro.org.br\/abepro2025\/wp-json\/wp\/v2\/media\/5946"}],"wp:attachment":[{"href":"https:\/\/portal.abepro.org.br\/abepro2025\/wp-json\/wp\/v2\/media?parent=5942"}],"wp:term":[{"taxonomy":"category","embeddable":true,"href":"https:\/\/portal.abepro.org.br\/abepro2025\/wp-json\/wp\/v2\/categories?post=5942"},{"taxonomy":"post_tag","embeddable":true,"href":"https:\/\/portal.abepro.org.br\/abepro2025\/wp-json\/wp\/v2\/tags?post=5942"}],"curies":[{"name":"wp","href":"https:\/\/api.w.org\/{rel}","templated":true}]}}