{"id":6083,"date":"2025-08-05T19:59:17","date_gmt":"2025-08-05T19:59:17","guid":{"rendered":"https:\/\/portal.abepro.org.br\/abepro2025\/?p=6083"},"modified":"2025-08-05T19:59:17","modified_gmt":"2025-08-05T19:59:17","slug":"associados-abepro-sao-contemplados-na-chamada-cnpq-no-18-2024-bolsas-de-produtividade","status":"publish","type":"post","link":"https:\/\/portal.abepro.org.br\/abepro2025\/associados-abepro-sao-contemplados-na-chamada-cnpq-no-18-2024-bolsas-de-produtividade\/","title":{"rendered":"Associados ABEPRO s\u00e3o contemplados na Chamada CNPq n\u00ba 18\/2024 \u2013 Bolsas de Produtividade"},"content":{"rendered":"\t\t<div data-elementor-type=\"wp-post\" data-elementor-id=\"6083\" class=\"elementor elementor-6083\" data-elementor-post-type=\"post\">\n\t\t\t\t<div class=\"elementor-element elementor-element-8277375 e-flex e-con-boxed e-con e-parent\" data-id=\"8277375\" data-element_type=\"container\">\n\t\t\t\t\t<div class=\"e-con-inner\">\n\t\t\t\t<div class=\"elementor-element elementor-element-e7af00c elementor-widget elementor-widget-text-editor\" data-id=\"e7af00c\" data-element_type=\"widget\" data-widget_type=\"text-editor.default\">\n\t\t\t\t<div class=\"elementor-widget-container\">\n\t\t\t\t\t\t\t\t\t<p data-pm-slice=\"1 1 []\">A Associa\u00e7\u00e3o Brasileira de Engenharia de Produ\u00e7\u00e3o (ABEPRO) parabeniza com entusiasmo os associados contemplados no resultado final da <strong>Chamada CNPq n\u00ba 18\/2024 \u2013 Bolsas de Produtividade<\/strong>, que prev\u00ea a concess\u00e3o de bolsas nas modalidades <strong>Produtividade em Pesquisa (PQ), Produtividade em Desenvolvimento Tecnol\u00f3gico e Extens\u00e3o Inovadora (DT) e Produtividade em Pesquisa S\u00eanior (PQ-Sr)<\/strong>.<\/p><p>A chamada tem como foco valorizar pesquisadores com produ\u00e7\u00e3o cient\u00edfica, tecnol\u00f3gica e de inova\u00e7\u00e3o de destaque em suas \u00e1reas de conhecimento, al\u00e9m de incentivar o aumento da produ\u00e7\u00e3o de qualidade e selecionar projetos de pesquisa que prezem pelo rigor metodol\u00f3gico e pelos fundamentos essenciais da produ\u00e7\u00e3o cient\u00edfica.<\/p><p>Com grande orgulho, destacamos os associados da ABEPRO que obtiveram aprova\u00e7\u00e3o nesta importante iniciativa de fomento \u00e0 pesquisa:<\/p><p>\u00a0<\/p><ol class=\"ProsemirrorEditor-list\"><li class=\"ProsemirrorEditor-listItem\" style=\"margin-left: 32px;\" data-list-indent=\"1\" data-list-type=\"bulleted\"><p>\u00c2ngelo M\u00e1rcio Oliveira Sant&#8217;Anna &#8211; UFBA<\/p><\/li><li class=\"ProsemirrorEditor-listItem\" style=\"margin-left: 32px;\" data-list-indent=\"1\" data-list-type=\"bulleted\"><p>Carlos Francisco Sim\u00f5es Gomes &#8211; UFF<\/p><\/li><li class=\"ProsemirrorEditor-listItem\" style=\"margin-left: 32px;\" data-list-indent=\"1\" data-list-type=\"bulleted\"><p>Cristiano Hora de Oliveira Fontes &#8211; UFBA<\/p><\/li><li class=\"ProsemirrorEditor-listItem\" style=\"margin-left: 32px;\" data-list-indent=\"1\" data-list-type=\"bulleted\"><p>Emerson Cleister Lima Muniz &#8211; UFS<\/p><\/li><li class=\"ProsemirrorEditor-listItem\" style=\"margin-left: 32px;\" data-list-indent=\"1\" data-list-type=\"bulleted\"><p>F\u00e1bio Antonio Sartori Piran &#8211; UNISINOS<\/p><\/li><li class=\"ProsemirrorEditor-listItem\" style=\"margin-left: 32px;\" data-list-indent=\"1\" data-list-type=\"bulleted\"><p>Francisco Gaud\u00eancio Mendon\u00e7a Freires &#8211; UFBA<\/p><\/li><li class=\"ProsemirrorEditor-listItem\" style=\"margin-left: 32px;\" data-list-indent=\"1\" data-list-type=\"bulleted\"><p>Ismael Cristofer Baierle &#8211; FURG<\/p><\/li><li class=\"ProsemirrorEditor-listItem\" style=\"margin-left: 32px;\" data-list-indent=\"1\" data-list-type=\"bulleted\"><p>Jones Lu\u00eds Schaefer &#8211; PUC\/PR<\/p><\/li><li class=\"ProsemirrorEditor-listItem\" style=\"margin-left: 32px;\" data-list-indent=\"1\" data-list-type=\"bulleted\"><p>Luciana Hazin Alencar &#8211; UFPE<\/p><\/li><li class=\"ProsemirrorEditor-listItem\" style=\"margin-left: 32px;\" data-list-indent=\"1\" data-list-type=\"bulleted\"><p>Rosley Anholon &#8211; UNICAMP<\/p><\/li><li class=\"ProsemirrorEditor-listItem\" style=\"margin-left: 32px;\" data-list-indent=\"1\" data-list-type=\"bulleted\"><p>Val\u00e9rio Antonio Pamplona Salomon &#8211; UNESP\/GUARATINGUET\u00c1<\/p><\/li><li class=\"ProsemirrorEditor-listItem\" style=\"margin-left: 32px;\" data-list-indent=\"1\" data-list-type=\"bulleted\"><p>Vitor William Batista Martins &#8211; UEPA<\/p><\/li><\/ol><p>\u00a0<\/p><p>A ABEPRO celebra mais esse marco na trajet\u00f3ria de excel\u00eancia de seus associados e reafirma seu compromisso com o fortalecimento da pesquisa cient\u00edfica, tecnol\u00f3gica e de inova\u00e7\u00e3o na \u00e1rea da Engenharia de Produ\u00e7\u00e3o.<\/p><p><strong>Parab\u00e9ns aos pesquisadores pelo merecido reconhecimento!<\/strong><\/p>\t\t\t\t\t\t\t\t<\/div>\n\t\t\t\t<\/div>\n\t\t\t\t\t<\/div>\n\t\t\t\t<\/div>\n\t\t\t\t<\/div>\n\t\t","protected":false},"excerpt":{"rendered":"<p>A Associa\u00e7\u00e3o Brasileira de Engenharia de Produ\u00e7\u00e3o (ABEPRO) parabeniza com entusiasmo os associados contemplados no resultado final da Chamada CNPq n\u00ba 18\/2024 \u2013 Bolsas de Produtividade, que prev\u00ea a concess\u00e3o de bolsas nas modalidades Produtividade em Pesquisa (PQ), Produtividade em Desenvolvimento Tecnol\u00f3gico e Extens\u00e3o Inovadora (DT) e Produtividade em Pesquisa S\u00eanior (PQ-Sr). A chamada tem [&hellip;]<\/p>\n","protected":false},"author":1,"featured_media":6088,"comment_status":"open","ping_status":"open","sticky":false,"template":"","format":"standard","meta":{"footnotes":""},"categories":[6],"tags":[],"class_list":["post-6083","post","type-post","status-publish","format-standard","has-post-thumbnail","hentry","category-noticias"],"_links":{"self":[{"href":"https:\/\/portal.abepro.org.br\/abepro2025\/wp-json\/wp\/v2\/posts\/6083","targetHints":{"allow":["GET"]}}],"collection":[{"href":"https:\/\/portal.abepro.org.br\/abepro2025\/wp-json\/wp\/v2\/posts"}],"about":[{"href":"https:\/\/portal.abepro.org.br\/abepro2025\/wp-json\/wp\/v2\/types\/post"}],"author":[{"embeddable":true,"href":"https:\/\/portal.abepro.org.br\/abepro2025\/wp-json\/wp\/v2\/users\/1"}],"replies":[{"embeddable":true,"href":"https:\/\/portal.abepro.org.br\/abepro2025\/wp-json\/wp\/v2\/comments?post=6083"}],"version-history":[{"count":4,"href":"https:\/\/portal.abepro.org.br\/abepro2025\/wp-json\/wp\/v2\/posts\/6083\/revisions"}],"predecessor-version":[{"id":6093,"href":"https:\/\/portal.abepro.org.br\/abepro2025\/wp-json\/wp\/v2\/posts\/6083\/revisions\/6093"}],"wp:featuredmedia":[{"embeddable":true,"href":"https:\/\/portal.abepro.org.br\/abepro2025\/wp-json\/wp\/v2\/media\/6088"}],"wp:attachment":[{"href":"https:\/\/portal.abepro.org.br\/abepro2025\/wp-json\/wp\/v2\/media?parent=6083"}],"wp:term":[{"taxonomy":"category","embeddable":true,"href":"https:\/\/portal.abepro.org.br\/abepro2025\/wp-json\/wp\/v2\/categories?post=6083"},{"taxonomy":"post_tag","embeddable":true,"href":"https:\/\/portal.abepro.org.br\/abepro2025\/wp-json\/wp\/v2\/tags?post=6083"}],"curies":[{"name":"wp","href":"https:\/\/api.w.org\/{rel}","templated":true}]}}