{"id":6099,"date":"2025-08-14T01:03:26","date_gmt":"2025-08-14T01:03:26","guid":{"rendered":"https:\/\/portal.abepro.org.br\/abepro2025\/?p=6099"},"modified":"2025-08-14T01:23:24","modified_gmt":"2025-08-14T01:23:24","slug":"a-importancia-da-logistica-e-da-gestao-da-cadeia-de-suprimentos-na-era-digital","status":"publish","type":"post","link":"https:\/\/portal.abepro.org.br\/abepro2025\/a-importancia-da-logistica-e-da-gestao-da-cadeia-de-suprimentos-na-era-digital\/","title":{"rendered":"A import\u00e2ncia da Log\u00edstica e da Gest\u00e3o da Cadeia de Suprimentos na era digital"},"content":{"rendered":"\n<figure class=\"wp-block-image size-full is-resized\"><img fetchpriority=\"high\" decoding=\"async\" width=\"750\" height=\"1000\" src=\"https:\/\/portal.abepro.org.br\/abepro2025\/wp-content\/uploads\/2025\/08\/91yENsqqhQL._UF8941000_QL80_.jpg\" alt=\"\" class=\"wp-image-6100\" style=\"width:289px;height:auto\" srcset=\"https:\/\/portal.abepro.org.br\/abepro2025\/wp-content\/uploads\/2025\/08\/91yENsqqhQL._UF8941000_QL80_.jpg 750w, https:\/\/portal.abepro.org.br\/abepro2025\/wp-content\/uploads\/2025\/08\/91yENsqqhQL._UF8941000_QL80_-225x300.jpg 225w\" sizes=\"(max-width: 750px) 100vw, 750px\" \/><\/figure>\n\n\n\n<p class=\"has-text-align-left\">Vivemos em um mundo cada vez mais din\u00e2mico, repleto de op\u00e7\u00f5es para cada segmento, em que a agilidade e a integra\u00e7\u00e3o se tornam elementos essenciais para a competitividade das organiza\u00e7\u00f5es. Nesse cen\u00e1rio, o Gerenciamento da Cadeia de Suprimentos (SCM) se consolida como uma estrat\u00e9gia essencial para equilibrar<br>processos, otimizar recursos e aprimorar o desempenho a longo prazo. Al\u00e9m disso, entender principais atividades log\u00edsticas do seu neg\u00f3cio ajuda a tomar decis\u00f5es mais assertivas e eficazes.<\/p>\n\n\n\n<p class=\"has-text-align-left\"><br>A obra<strong> \u201cGerenciamento da Cadeia de Suprimentos\/Log\u00edstica Empresarial\u201d<\/strong>, de <strong>Ronald H. Ballou<\/strong>, \u00e9 uma leitura essencialpara quem busca entender como as fun\u00e7\u00f5es de neg\u00f3cio e as empresas trabalham de forma integrada dentro de uma cadeia de valor. A comunica\u00e7\u00e3o em tempo real, especialmente por meio da internet, permite uma comunica\u00e7\u00e3o em tempo real entre os membros da cadeia, o que favorece respostas \u00e1geis \u00e0s mudan\u00e7as e um atendimento ao cliente mais eficaz. Se voc\u00ea quer conhecer as principais atividades log\u00edsticas, entender como elas se distribuem dentro das organiza\u00e7\u00f5es e como a log\u00edstica moderna se adapta \u00e0 era da informa\u00e7\u00e3o, essa obra \u00e9 um guia completo e atualizado sobre o impacto das decis\u00f5es estrat\u00e9gicas no desempenho organizacional.<br>Leitura recomendada para estudantes, profissionais e entusiastas da \u00e1rea de Log\u00edstica e Engenharia de Produ\u00e7\u00e3o<\/p>\n\n\n\n<p>Josu\u00e9 da Costa Cruz Representante Estadual do Rio Grande do Norte &#8211; Gest\u00e3o ABEPRO Jovem 2025.<\/p>\n","protected":false},"excerpt":{"rendered":"<p>Vivemos em um mundo cada vez mais din\u00e2mico, repleto de op\u00e7\u00f5es para cada segmento, em que a agilidade e a integra\u00e7\u00e3o se tornam elementos essenciais para a competitividade das organiza\u00e7\u00f5es. Nesse cen\u00e1rio, o Gerenciamento da Cadeia de Suprimentos (SCM) se consolida como uma estrat\u00e9gia essencial para equilibrarprocessos, otimizar recursos e aprimorar o desempenho a longo [&hellip;]<\/p>\n","protected":false},"author":1,"featured_media":6101,"comment_status":"open","ping_status":"open","sticky":false,"template":"","format":"standard","meta":{"footnotes":""},"categories":[11],"tags":[],"class_list":["post-6099","post","type-post","status-publish","format-standard","has-post-thumbnail","hentry","category-abj"],"_links":{"self":[{"href":"https:\/\/portal.abepro.org.br\/abepro2025\/wp-json\/wp\/v2\/posts\/6099","targetHints":{"allow":["GET"]}}],"collection":[{"href":"https:\/\/portal.abepro.org.br\/abepro2025\/wp-json\/wp\/v2\/posts"}],"about":[{"href":"https:\/\/portal.abepro.org.br\/abepro2025\/wp-json\/wp\/v2\/types\/post"}],"author":[{"embeddable":true,"href":"https:\/\/portal.abepro.org.br\/abepro2025\/wp-json\/wp\/v2\/users\/1"}],"replies":[{"embeddable":true,"href":"https:\/\/portal.abepro.org.br\/abepro2025\/wp-json\/wp\/v2\/comments?post=6099"}],"version-history":[{"count":3,"href":"https:\/\/portal.abepro.org.br\/abepro2025\/wp-json\/wp\/v2\/posts\/6099\/revisions"}],"predecessor-version":[{"id":6112,"href":"https:\/\/portal.abepro.org.br\/abepro2025\/wp-json\/wp\/v2\/posts\/6099\/revisions\/6112"}],"wp:featuredmedia":[{"embeddable":true,"href":"https:\/\/portal.abepro.org.br\/abepro2025\/wp-json\/wp\/v2\/media\/6101"}],"wp:attachment":[{"href":"https:\/\/portal.abepro.org.br\/abepro2025\/wp-json\/wp\/v2\/media?parent=6099"}],"wp:term":[{"taxonomy":"category","embeddable":true,"href":"https:\/\/portal.abepro.org.br\/abepro2025\/wp-json\/wp\/v2\/categories?post=6099"},{"taxonomy":"post_tag","embeddable":true,"href":"https:\/\/portal.abepro.org.br\/abepro2025\/wp-json\/wp\/v2\/tags?post=6099"}],"curies":[{"name":"wp","href":"https:\/\/api.w.org\/{rel}","templated":true}]}}