{"id":6199,"date":"2025-09-11T01:25:53","date_gmt":"2025-09-11T01:25:53","guid":{"rendered":"https:\/\/portal.abepro.org.br\/abepro2025\/?p=6199"},"modified":"2025-10-17T13:55:19","modified_gmt":"2025-10-17T13:55:19","slug":"colegio-eleitoral-eleicoes-2025","status":"publish","type":"post","link":"https:\/\/portal.abepro.org.br\/abepro2025\/colegio-eleitoral-eleicoes-2025\/","title":{"rendered":"Col\u00e9gio eleitoral \u2013 Elei\u00e7\u00f5es 2025"},"content":{"rendered":"\t\t<div data-elementor-type=\"wp-post\" data-elementor-id=\"6199\" class=\"elementor elementor-6199\" data-elementor-post-type=\"post\">\n\t\t\t\t<div class=\"elementor-element elementor-element-03118e9 e-flex e-con-boxed e-con e-parent\" data-id=\"03118e9\" data-element_type=\"container\">\n\t\t\t\t\t<div class=\"e-con-inner\">\n\t\t\t\t<div class=\"elementor-element elementor-element-549a1af elementor-widget elementor-widget-text-editor\" data-id=\"549a1af\" data-element_type=\"widget\" data-widget_type=\"text-editor.default\">\n\t\t\t\t<div class=\"elementor-widget-container\">\n\t\t\t\t\t\t\t\t\t<p><span style=\"font-weight: 400;\">Em conformidade com o Regimento Interno das Elei\u00e7\u00f5es ABEPRO 2025, tornamos p\u00fablico abaixo o Col\u00e9gio Eleitoral atualizado at\u00e9 10 de setembro de 2025, sendo estes os associados e associadas aptos a se candidatar aos cargos previstos:<\/span><\/p><p>Adriana Leiras<br \/>Adriano Wagner<br \/>Alessandra Lopes Carvalho<br \/>Alessandro Ranulfo Lima Nery<br \/>Alex Andrade Freitas<br \/>Alexandre Milkiewicz Sanches<br \/>Alexsandro Silva Solon<br \/>Aline Dresch<br \/>Ana Cl\u00e1udia Souza Vidal De Negreiros<br \/>Ana Maria Ulisses Nobre De Medeiros<br \/>Ana Paula Henriques De Gusm\u00e3o<br \/>Andr\u00e9 Lu\u00eds Policani Freitas<br \/>Andrea Patricia Castro Leite<br \/>Angelo Marcio Oliveira Sant&#8217;anna<br \/>Antonio Cezar Bornia<br \/>Ant\u00f4nio M\u00e1rcio Tavares Thom\u00e9<br \/>Ariane Nogueira Vieira<br \/>Bruna Cristine Scarduelli Pacheco<br \/>Carla Diniz Dos Santos Da Silva<br \/>Carlos Eduardo Sanches Da Silva<br \/>Carlos Francisco Sim\u00f5es Gomes<br \/>Carlos Henrique Pilz<br \/>Cecilia Toledo Hernandez<br \/>Christian Egidio Da Silva<br \/>Cintia Rodrigues Lima<br \/>Claudemir Leif Tramarico<br \/>Cl\u00e1udio Jorge Can\u00e7ado<br \/>Cleiton Rodrigues De Vasconcelos<br \/>Cristiano Alexandre Virg\u00ednio Cavalcante<br \/>Cristiano Hora De Oliveira Fontes<br \/>Daniel Pacheco Lacerda<br \/>David Garcia Penof<br \/>D\u00e9bora Oliveira Da Silva<br \/>Denise Dumke De Medeiros<br \/>Eder Oliveira Abensur<br \/>Eduardo Dias Da Costa<br \/>Eduardo Guilherme Satolo<br \/>Edwin Benito Mitacc Meza<br \/>Elaine Aparecida Araujo<br \/>Emerson Cleister Lima Muniz<br \/>Enzo Morosini Frazzon<br \/>Fernanda Araujo Pimentel Peres<br \/>Fernando Jos\u00e9 Barbin Laurindo<br \/>Fernando Luiz Pereira De Oliveira<br \/>Flavio Bressan<br \/>Francisco Gaud\u00eancio Mendon\u00e7a Freires<br \/>Francisco Jose Curvello De Andrade<br \/>Gabriel Luiz Da Silva<br \/>Geraldo Alves Cola\u00e7o<br \/>Gilson Brito Alves Lima<br \/>Gislaine Cristina Batistela<br \/>Heleno Nascimento Santos<br \/>H\u00e9lio Raymundo Ferreira Filho<br \/>Higor Moth\u00e9 Lima<br \/>Hugo Alves Campos<br \/>Iara Tammela<br \/>Irce Fernandes Gomes Guimar\u00e3es<br \/>Ismael Cristofer Baierle<br \/>Ivana Salvagni Rotta<br \/>Jefferson Fonseca De Miranda<br \/>Joao Gilberto Mendes Dos Reis<br \/>Jo\u00e3o Marcelo Carneiro<br \/>Joilson Nascimento Paim<br \/>Jones Lu\u00eds Schaefer<br \/>Jos\u00e9 Da Silva Ferreira Junior<br \/>Jos\u00e9 Fabiano Da Serra Costa<br \/>Jos\u00e9 Garcia Leal Filho<br \/>Jos\u00e9 Maria Melim<br \/>Jose Schneeweiss De Queiroga<br \/>Kazuo Hatakeyama<br \/>Leonardo Dagnino Chiwiacowsky<br \/>L\u00e9ony Luis Lopes Negr\u00e3o<br \/>Leopoldo Pedro Guimar\u00e3es Filho<br \/>Liane M\u00e4hlmann Kipper<br \/>Lino Guimar\u00e3es Marujo<br \/>Lucas Rodrigues Deliberador<br \/>Luciano Fernandes Monteiro<br \/>Lucila Maria De Souza Campos<br \/>Lucila Maria De Souza Campos<br \/>Luiz Felipe Roris Rodriguez Scavarda Do Carmo<br \/>Luiz Fernando Moreira Vitorino<br \/>Marcele Elisa Fontana<br \/>Marcelo Crescenti Aulicino<br \/>Marcelo Tsuguio Okano<br \/>Marcone Jamilson Freitas Souza<br \/>Marcus Vinicius Leite<br \/>Maria Silene Alexandre Leite<br \/>Mariane C\u00e1sseres De Souza<br \/>Marina Dantas De Oliveira Duarte<br \/>Mario Amadeu Alonso<br \/>Mario Fernando De Mello<br \/>Marlene Jesus Soares Bezerra<br \/>Maur\u00edcio C\u00e9sar Delamaro<br \/>Milton Vieira Junior<br \/>Miriam Karla Rocha<br \/>Napole\u00e3o Verardi Galegale<br \/>Pamela Mocelin Manfrin<br \/>Paulo Ghinato<br \/>Paulo Henrique Amorim Santos<br \/>Paulo Henrique Trindade Soares<br \/>Paulo S\u00e9rgio De Arruda Ign\u00e1cio<br \/>Priscilla Cristina Cabral Ribeiro<br \/>Rafael Da Silva Fernandes<br \/>Rafael Garcia Barbastefano<br \/>Raphaela Gurj\u00e3o Lott<br \/>Ravel Alves Dos Santos<br \/>Rejane Frozza<br \/>Renan Vidal Esteves<br \/>Renata Melo E Silva De Oliveira<br \/>Renato De Oliveira Moraes<br \/>Ricardo Augusto Cassel<br \/>Rodrigo Goyannes Gusm\u00e3o Caiado<br \/>Rosinei Batista Ribeiro<br \/>Rosley Anholon<br \/>Sandra Rufino<br \/>Sandro Luiz Zalewski Porto<br \/>Susane De Farias Gomes<br \/>Valdir Cardoso De Souza<br \/>Vanderli Fava De Oliveira<br \/>Vicente Nogueira Filho<\/p>\t\t\t\t\t\t\t\t<\/div>\n\t\t\t\t<\/div>\n\t\t\t\t\t<\/div>\n\t\t\t\t<\/div>\n\t\t\t\t<\/div>\n\t\t","protected":false},"excerpt":{"rendered":"<p>Em conformidade com o Regimento Interno das Elei\u00e7\u00f5es ABEPRO 2025, tornamos p\u00fablico abaixo o Col\u00e9gio Eleitoral atualizado at\u00e9 10 de setembro de 2025, sendo estes os associados e associadas aptos a se candidatar aos cargos previstos: Adriana LeirasAdriano WagnerAlessandra Lopes CarvalhoAlessandro Ranulfo Lima NeryAlex Andrade FreitasAlexandre Milkiewicz SanchesAlexsandro Silva SolonAline DreschAna Cl\u00e1udia Souza Vidal De [&hellip;]<\/p>\n","protected":false},"author":1,"featured_media":6201,"comment_status":"open","ping_status":"open","sticky":false,"template":"","format":"standard","meta":{"footnotes":""},"categories":[5,6],"tags":[],"class_list":["post-6199","post","type-post","status-publish","format-standard","has-post-thumbnail","hentry","category-avisos","category-noticias"],"_links":{"self":[{"href":"https:\/\/portal.abepro.org.br\/abepro2025\/wp-json\/wp\/v2\/posts\/6199","targetHints":{"allow":["GET"]}}],"collection":[{"href":"https:\/\/portal.abepro.org.br\/abepro2025\/wp-json\/wp\/v2\/posts"}],"about":[{"href":"https:\/\/portal.abepro.org.br\/abepro2025\/wp-json\/wp\/v2\/types\/post"}],"author":[{"embeddable":true,"href":"https:\/\/portal.abepro.org.br\/abepro2025\/wp-json\/wp\/v2\/users\/1"}],"replies":[{"embeddable":true,"href":"https:\/\/portal.abepro.org.br\/abepro2025\/wp-json\/wp\/v2\/comments?post=6199"}],"version-history":[{"count":10,"href":"https:\/\/portal.abepro.org.br\/abepro2025\/wp-json\/wp\/v2\/posts\/6199\/revisions"}],"predecessor-version":[{"id":6293,"href":"https:\/\/portal.abepro.org.br\/abepro2025\/wp-json\/wp\/v2\/posts\/6199\/revisions\/6293"}],"wp:featuredmedia":[{"embeddable":true,"href":"https:\/\/portal.abepro.org.br\/abepro2025\/wp-json\/wp\/v2\/media\/6201"}],"wp:attachment":[{"href":"https:\/\/portal.abepro.org.br\/abepro2025\/wp-json\/wp\/v2\/media?parent=6199"}],"wp:term":[{"taxonomy":"category","embeddable":true,"href":"https:\/\/portal.abepro.org.br\/abepro2025\/wp-json\/wp\/v2\/categories?post=6199"},{"taxonomy":"post_tag","embeddable":true,"href":"https:\/\/portal.abepro.org.br\/abepro2025\/wp-json\/wp\/v2\/tags?post=6199"}],"curies":[{"name":"wp","href":"https:\/\/api.w.org\/{rel}","templated":true}]}}