{"id":6216,"date":"2025-09-15T18:31:35","date_gmt":"2025-09-15T18:31:35","guid":{"rendered":"https:\/\/portal.abepro.org.br\/abepro2025\/?p=6216"},"modified":"2025-09-15T18:32:55","modified_gmt":"2025-09-15T18:32:55","slug":"edital-de-convocacao-assembleia-geral-ordinaria","status":"publish","type":"post","link":"https:\/\/portal.abepro.org.br\/abepro2025\/edital-de-convocacao-assembleia-geral-ordinaria\/","title":{"rendered":"EDITAL DE CONVOCA\u00c7\u00c3O &#8211; ASSEMBLEIA GERAL ORDIN\u00c1RIA"},"content":{"rendered":"\t\t<div data-elementor-type=\"wp-post\" data-elementor-id=\"6216\" class=\"elementor elementor-6216\" data-elementor-post-type=\"post\">\n\t\t\t\t<div class=\"elementor-element elementor-element-875af04 e-flex e-con-boxed e-con e-parent\" data-id=\"875af04\" data-element_type=\"container\">\n\t\t\t\t\t<div class=\"e-con-inner\">\n\t\t\t\t<div class=\"elementor-element elementor-element-4f43c87 elementor-widget elementor-widget-text-editor\" data-id=\"4f43c87\" data-element_type=\"widget\" data-widget_type=\"text-editor.default\">\n\t\t\t\t<div class=\"elementor-widget-container\">\n\t\t\t\t\t\t\t\t\t<p style=\"text-align: center;\"><strong>EDITAL DE CONVOCA\u00c7\u00c3O<\/strong><\/p><p style=\"text-align: center;\"><strong>ASSEMBLEIA GERAL ORDIN\u00c1RIA <\/strong><\/p><p>A Diretoria Executiva da ABEPRO, no exerc\u00edcio de suas atribui\u00e7\u00f5es estatu\u00e1rias e em conformidade\u00a0 com o \u201ccaput\u201d e Par\u00e1grafo 1\u00ba do artigo 8\u00ba, e do artigo 18\u00ba do Estatuto Socia, <strong>CONVOCA<\/strong> os associados (as) contribuintes quites com suas obriga\u00e7\u00f5es sociais e associativas, para participar da\u00a0 <strong>ASSEMBLEIA GERAL ORDIN\u00c1RIA<\/strong>,\u00a0 e juntos discutirmos e deliberarmos sobre os itens constantes na ordem do dia, buscando valer a verdadeira democracia em nossa Associa\u00e7\u00e3o.\u00a0 Participe e cumpra o seu principal dever para poder exigir os seus direitos, seu voto \u00e9 muito importante.<\/p><p>Edital Completo: <a href=\"https:\/\/portal.abepro.org.br\/abepro2025\/wp-content\/uploads\/2025\/09\/ENEGEP-2025_Pauta-Assembleia.pdf\">ENEGEP 2025_Pauta Assembleia<\/a><\/p>\t\t\t\t\t\t\t\t<\/div>\n\t\t\t\t<\/div>\n\t\t\t\t\t<\/div>\n\t\t\t\t<\/div>\n\t\t\t\t<\/div>\n\t\t","protected":false},"excerpt":{"rendered":"<p>EDITAL DE CONVOCA\u00c7\u00c3O ASSEMBLEIA GERAL ORDIN\u00c1RIA A Diretoria Executiva da ABEPRO, no exerc\u00edcio de suas atribui\u00e7\u00f5es estatu\u00e1rias e em conformidade\u00a0 com o \u201ccaput\u201d e Par\u00e1grafo 1\u00ba do artigo 8\u00ba, e do artigo 18\u00ba do Estatuto Socia, CONVOCA os associados (as) contribuintes quites com suas obriga\u00e7\u00f5es sociais e associativas, para participar da\u00a0 ASSEMBLEIA GERAL ORDIN\u00c1RIA,\u00a0 e [&hellip;]<\/p>\n","protected":false},"author":1,"featured_media":6220,"comment_status":"open","ping_status":"open","sticky":false,"template":"","format":"standard","meta":{"footnotes":""},"categories":[5,6],"tags":[],"class_list":["post-6216","post","type-post","status-publish","format-standard","has-post-thumbnail","hentry","category-avisos","category-noticias"],"_links":{"self":[{"href":"https:\/\/portal.abepro.org.br\/abepro2025\/wp-json\/wp\/v2\/posts\/6216","targetHints":{"allow":["GET"]}}],"collection":[{"href":"https:\/\/portal.abepro.org.br\/abepro2025\/wp-json\/wp\/v2\/posts"}],"about":[{"href":"https:\/\/portal.abepro.org.br\/abepro2025\/wp-json\/wp\/v2\/types\/post"}],"author":[{"embeddable":true,"href":"https:\/\/portal.abepro.org.br\/abepro2025\/wp-json\/wp\/v2\/users\/1"}],"replies":[{"embeddable":true,"href":"https:\/\/portal.abepro.org.br\/abepro2025\/wp-json\/wp\/v2\/comments?post=6216"}],"version-history":[{"count":4,"href":"https:\/\/portal.abepro.org.br\/abepro2025\/wp-json\/wp\/v2\/posts\/6216\/revisions"}],"predecessor-version":[{"id":6223,"href":"https:\/\/portal.abepro.org.br\/abepro2025\/wp-json\/wp\/v2\/posts\/6216\/revisions\/6223"}],"wp:featuredmedia":[{"embeddable":true,"href":"https:\/\/portal.abepro.org.br\/abepro2025\/wp-json\/wp\/v2\/media\/6220"}],"wp:attachment":[{"href":"https:\/\/portal.abepro.org.br\/abepro2025\/wp-json\/wp\/v2\/media?parent=6216"}],"wp:term":[{"taxonomy":"category","embeddable":true,"href":"https:\/\/portal.abepro.org.br\/abepro2025\/wp-json\/wp\/v2\/categories?post=6216"},{"taxonomy":"post_tag","embeddable":true,"href":"https:\/\/portal.abepro.org.br\/abepro2025\/wp-json\/wp\/v2\/tags?post=6216"}],"curies":[{"name":"wp","href":"https:\/\/api.w.org\/{rel}","templated":true}]}}