{"id":6224,"date":"2025-09-15T18:54:36","date_gmt":"2025-09-15T18:54:36","guid":{"rendered":"https:\/\/portal.abepro.org.br\/abepro2025\/?p=6224"},"modified":"2025-09-15T18:57:24","modified_gmt":"2025-09-15T18:57:24","slug":"eleicoes-2025-alteracao-do-prazo-de-inscricoes-para-conselho-fiscal-da-abepro-bienio-2026-2027","status":"publish","type":"post","link":"https:\/\/portal.abepro.org.br\/abepro2025\/eleicoes-2025-alteracao-do-prazo-de-inscricoes-para-conselho-fiscal-da-abepro-bienio-2026-2027\/","title":{"rendered":"Elei\u00e7\u00f5es 2025 \u2013 Altera\u00e7\u00e3o do prazo de inscri\u00e7\u00f5es para Conselho Fiscal da ABEPRO &#8211; Bi\u00eanio 2026\/2027"},"content":{"rendered":"\t\t<div data-elementor-type=\"wp-post\" data-elementor-id=\"6224\" class=\"elementor elementor-6224\" data-elementor-post-type=\"post\">\n\t\t\t\t<div class=\"elementor-element elementor-element-d745477 e-flex e-con-boxed e-con e-parent\" data-id=\"d745477\" data-element_type=\"container\">\n\t\t\t\t\t<div class=\"e-con-inner\">\n\t\t\t\t<div class=\"elementor-element elementor-element-50d7751 elementor-widget elementor-widget-text-editor\" data-id=\"50d7751\" data-element_type=\"widget\" data-widget_type=\"text-editor.default\">\n\t\t\t\t<div class=\"elementor-widget-container\">\n\t\t\t\t\t\t\t\t\t<p><b>Elei\u00e7\u00f5es 2025 \u2013 <\/b><span style=\"font-weight: 400;\">Altera\u00e7\u00e3o do prazo de inscri\u00e7\u00f5es para Conselho Fiscal da ABEPRO &#8211; Bi\u00eanio 2026\/2027<\/span><\/p><p><span style=\"font-weight: 400;\">Por delibera\u00e7\u00e3o da Comiss\u00e3o eleitoral, devido ao n\u00e3o recebimento de inscri\u00e7\u00f5es suficientes para candidatos ao cargo de Conselho Fiscal, o novo prazo para registro nessa categoria ser\u00e1 at\u00e9 o dia 19 de setembro de 2025. <\/span><\/p><p><span style=\"font-weight: 400;\">Segue em anexo termo aditivo completo: <a href=\"https:\/\/portal.abepro.org.br\/abepro2025\/wp-content\/uploads\/2025\/09\/Eleicoes-2025-Termo-aditivo-prorrogacao-do-prazo-de-inscricao-no-Conselho-Fiscal-da-ABEPRO.docx.pdf\">Elei\u00e7\u00f5es 2025 &#8211; Termo aditivo &#8211; prorroga\u00e7\u00e3o do prazo de inscri\u00e7\u00e3o no Conselho Fiscal da ABEPRO.docx<\/a><\/span><\/p>\t\t\t\t\t\t\t\t<\/div>\n\t\t\t\t<\/div>\n\t\t\t\t\t<\/div>\n\t\t\t\t<\/div>\n\t\t\t\t<\/div>\n\t\t","protected":false},"excerpt":{"rendered":"<p>Elei\u00e7\u00f5es 2025 \u2013 Altera\u00e7\u00e3o do prazo de inscri\u00e7\u00f5es para Conselho Fiscal da ABEPRO &#8211; Bi\u00eanio 2026\/2027 Por delibera\u00e7\u00e3o da Comiss\u00e3o eleitoral, devido ao n\u00e3o recebimento de inscri\u00e7\u00f5es suficientes para candidatos ao cargo de Conselho Fiscal, o novo prazo para registro nessa categoria ser\u00e1 at\u00e9 o dia 19 de setembro de 2025. Segue em anexo termo [&hellip;]<\/p>\n","protected":false},"author":1,"featured_media":6226,"comment_status":"open","ping_status":"open","sticky":false,"template":"","format":"standard","meta":{"footnotes":""},"categories":[5,6],"tags":[],"class_list":["post-6224","post","type-post","status-publish","format-standard","has-post-thumbnail","hentry","category-avisos","category-noticias"],"_links":{"self":[{"href":"https:\/\/portal.abepro.org.br\/abepro2025\/wp-json\/wp\/v2\/posts\/6224","targetHints":{"allow":["GET"]}}],"collection":[{"href":"https:\/\/portal.abepro.org.br\/abepro2025\/wp-json\/wp\/v2\/posts"}],"about":[{"href":"https:\/\/portal.abepro.org.br\/abepro2025\/wp-json\/wp\/v2\/types\/post"}],"author":[{"embeddable":true,"href":"https:\/\/portal.abepro.org.br\/abepro2025\/wp-json\/wp\/v2\/users\/1"}],"replies":[{"embeddable":true,"href":"https:\/\/portal.abepro.org.br\/abepro2025\/wp-json\/wp\/v2\/comments?post=6224"}],"version-history":[{"count":4,"href":"https:\/\/portal.abepro.org.br\/abepro2025\/wp-json\/wp\/v2\/posts\/6224\/revisions"}],"predecessor-version":[{"id":6230,"href":"https:\/\/portal.abepro.org.br\/abepro2025\/wp-json\/wp\/v2\/posts\/6224\/revisions\/6230"}],"wp:featuredmedia":[{"embeddable":true,"href":"https:\/\/portal.abepro.org.br\/abepro2025\/wp-json\/wp\/v2\/media\/6226"}],"wp:attachment":[{"href":"https:\/\/portal.abepro.org.br\/abepro2025\/wp-json\/wp\/v2\/media?parent=6224"}],"wp:term":[{"taxonomy":"category","embeddable":true,"href":"https:\/\/portal.abepro.org.br\/abepro2025\/wp-json\/wp\/v2\/categories?post=6224"},{"taxonomy":"post_tag","embeddable":true,"href":"https:\/\/portal.abepro.org.br\/abepro2025\/wp-json\/wp\/v2\/tags?post=6224"}],"curies":[{"name":"wp","href":"https:\/\/api.w.org\/{rel}","templated":true}]}}