{"id":6240,"date":"2025-09-19T21:32:41","date_gmt":"2025-09-19T21:32:41","guid":{"rendered":"https:\/\/portal.abepro.org.br\/abepro2025\/?p=6240"},"modified":"2025-09-19T21:36:23","modified_gmt":"2025-09-19T21:36:23","slug":"vice-presidente-da-abepro-recebe-medalha-do-jubileu-diamante-do-cra-rs","status":"publish","type":"post","link":"https:\/\/portal.abepro.org.br\/abepro2025\/vice-presidente-da-abepro-recebe-medalha-do-jubileu-diamante-do-cra-rs\/","title":{"rendered":"Vice-Presidente da ABEPRO recebe Medalha do Jubileu Diamante do CRA-RS"},"content":{"rendered":"\t\t<div data-elementor-type=\"wp-post\" data-elementor-id=\"6240\" class=\"elementor elementor-6240\" data-elementor-post-type=\"post\">\n\t\t\t\t<div class=\"elementor-element elementor-element-dbd2b6e e-flex e-con-boxed e-con e-parent\" data-id=\"dbd2b6e\" data-element_type=\"container\">\n\t\t\t\t\t<div class=\"e-con-inner\">\n\t\t\t\t<div class=\"elementor-element elementor-element-f2b3417 elementor-widget elementor-widget-text-editor\" data-id=\"f2b3417\" data-element_type=\"widget\" data-widget_type=\"text-editor.default\">\n\t\t\t\t<div class=\"elementor-widget-container\">\n\t\t\t\t\t\t\t\t\t<p>O Vice-Presidente da ABEPRO, Daniel Pacheco Lacerda, foi homenageado pelo Conselho Regional de Administra\u00e7\u00e3o do Rio Grande do Sul (CRA-RS) com a Medalha do Jubileu Diamante, uma das mais importantes distin\u00e7\u00f5es da \u00e1rea.<\/p><p>Com mais de 20 anos de experi\u00eancia em ensino, pesquisa e aplica\u00e7\u00e3o de conhecimentos em Administra\u00e7\u00e3o, Gest\u00e3o e Neg\u00f3cios, Daniel tem se dedicado, nos \u00faltimos 16 anos, \u00e0 Gest\u00e3o e Estrat\u00e9gia de Opera\u00e7\u00f5es, Engenharia e Gest\u00e3o de Processos, \u00e1reas que dialogam diretamente com a Engenharia de Produ\u00e7\u00e3o.<\/p><p>O reconhecimento recebido reflete sua trajet\u00f3ria acad\u00eamica e profissional, constru\u00edda em parceria com colegas, alunos e empresas, al\u00e9m de sua atua\u00e7\u00e3o junto ao GMAP e \u00e0 Universidade do Vale do Rio dos Sinos.<\/p><p>A ABEPRO parabeniza seu Vice-Presidente pela conquista e refor\u00e7a a import\u00e2ncia desse reconhecimento, que valoriza n\u00e3o apenas sua carreira, mas tamb\u00e9m a integra\u00e7\u00e3o entre Administra\u00e7\u00e3o e Engenharia de Produ\u00e7\u00e3o.<\/p><p><img fetchpriority=\"high\" decoding=\"async\" class=\"size-medium wp-image-6243 alignleft\" src=\"https:\/\/portal.abepro.org.br\/abepro2025\/wp-content\/uploads\/2025\/09\/1758061424597-300x200.jpg\" alt=\"\" width=\"300\" height=\"200\" srcset=\"https:\/\/portal.abepro.org.br\/abepro2025\/wp-content\/uploads\/2025\/09\/1758061424597-300x200.jpg 300w, https:\/\/portal.abepro.org.br\/abepro2025\/wp-content\/uploads\/2025\/09\/1758061424597-768x511.jpg 768w, https:\/\/portal.abepro.org.br\/abepro2025\/wp-content\/uploads\/2025\/09\/1758061424597.jpg 800w\" sizes=\"(max-width: 300px) 100vw, 300px\" \/><img decoding=\"async\" class=\"wp-image-6244 alignright\" src=\"https:\/\/portal.abepro.org.br\/abepro2025\/wp-content\/uploads\/2025\/09\/1758061428141-300x225.jpg\" alt=\"\" width=\"268\" height=\"201\" srcset=\"https:\/\/portal.abepro.org.br\/abepro2025\/wp-content\/uploads\/2025\/09\/1758061428141-300x225.jpg 300w, https:\/\/portal.abepro.org.br\/abepro2025\/wp-content\/uploads\/2025\/09\/1758061428141-768x576.jpg 768w, https:\/\/portal.abepro.org.br\/abepro2025\/wp-content\/uploads\/2025\/09\/1758061428141.jpg 800w\" sizes=\"(max-width: 268px) 100vw, 268px\" \/><\/p>\t\t\t\t\t\t\t\t<\/div>\n\t\t\t\t<\/div>\n\t\t\t\t\t<\/div>\n\t\t\t\t<\/div>\n\t\t\t\t<\/div>\n\t\t","protected":false},"excerpt":{"rendered":"<p>O Vice-Presidente da ABEPRO, Daniel Pacheco Lacerda, foi homenageado pelo Conselho Regional de Administra\u00e7\u00e3o do Rio Grande do Sul (CRA-RS) com a Medalha do Jubileu Diamante, uma das mais importantes distin\u00e7\u00f5es da \u00e1rea. Com mais de 20 anos de experi\u00eancia em ensino, pesquisa e aplica\u00e7\u00e3o de conhecimentos em Administra\u00e7\u00e3o, Gest\u00e3o e Neg\u00f3cios, Daniel tem se [&hellip;]<\/p>\n","protected":false},"author":1,"featured_media":6242,"comment_status":"open","ping_status":"open","sticky":false,"template":"","format":"standard","meta":{"footnotes":""},"categories":[6],"tags":[],"class_list":["post-6240","post","type-post","status-publish","format-standard","has-post-thumbnail","hentry","category-noticias"],"_links":{"self":[{"href":"https:\/\/portal.abepro.org.br\/abepro2025\/wp-json\/wp\/v2\/posts\/6240","targetHints":{"allow":["GET"]}}],"collection":[{"href":"https:\/\/portal.abepro.org.br\/abepro2025\/wp-json\/wp\/v2\/posts"}],"about":[{"href":"https:\/\/portal.abepro.org.br\/abepro2025\/wp-json\/wp\/v2\/types\/post"}],"author":[{"embeddable":true,"href":"https:\/\/portal.abepro.org.br\/abepro2025\/wp-json\/wp\/v2\/users\/1"}],"replies":[{"embeddable":true,"href":"https:\/\/portal.abepro.org.br\/abepro2025\/wp-json\/wp\/v2\/comments?post=6240"}],"version-history":[{"count":4,"href":"https:\/\/portal.abepro.org.br\/abepro2025\/wp-json\/wp\/v2\/posts\/6240\/revisions"}],"predecessor-version":[{"id":6247,"href":"https:\/\/portal.abepro.org.br\/abepro2025\/wp-json\/wp\/v2\/posts\/6240\/revisions\/6247"}],"wp:featuredmedia":[{"embeddable":true,"href":"https:\/\/portal.abepro.org.br\/abepro2025\/wp-json\/wp\/v2\/media\/6242"}],"wp:attachment":[{"href":"https:\/\/portal.abepro.org.br\/abepro2025\/wp-json\/wp\/v2\/media?parent=6240"}],"wp:term":[{"taxonomy":"category","embeddable":true,"href":"https:\/\/portal.abepro.org.br\/abepro2025\/wp-json\/wp\/v2\/categories?post=6240"},{"taxonomy":"post_tag","embeddable":true,"href":"https:\/\/portal.abepro.org.br\/abepro2025\/wp-json\/wp\/v2\/tags?post=6240"}],"curies":[{"name":"wp","href":"https:\/\/api.w.org\/{rel}","templated":true}]}}