{"id":6249,"date":"2025-09-20T17:36:32","date_gmt":"2025-09-20T17:36:32","guid":{"rendered":"https:\/\/portal.abepro.org.br\/abepro2025\/?p=6249"},"modified":"2025-09-20T17:37:29","modified_gmt":"2025-09-20T17:37:29","slug":"eleicoes-2025-ata-de-homologacao-de-inscricao-para-o-processo-eleitoral-da-associacao-brasileira-de-engenharia-de-producao-gestao-2026-2027","status":"publish","type":"post","link":"https:\/\/portal.abepro.org.br\/abepro2025\/eleicoes-2025-ata-de-homologacao-de-inscricao-para-o-processo-eleitoral-da-associacao-brasileira-de-engenharia-de-producao-gestao-2026-2027\/","title":{"rendered":"Elei\u00e7\u00f5es 2025 \u2013 ATA DE HOMOLOGA\u00c7\u00c3O DE INSCRI\u00c7\u00c3O PARA O PROCESSO ELEITORAL DA ASSOCIA\u00c7\u00c3O BRASILEIRA DE ENGENHARIA DE PRODU\u00c7\u00c3O \u2013 GEST\u00c3O 2026\/2027"},"content":{"rendered":"\t\t<div data-elementor-type=\"wp-post\" data-elementor-id=\"6249\" class=\"elementor elementor-6249\" data-elementor-post-type=\"post\">\n\t\t\t\t<div class=\"elementor-element elementor-element-fce0d5d e-flex e-con-boxed e-con e-parent\" data-id=\"fce0d5d\" data-element_type=\"container\">\n\t\t\t\t\t<div class=\"e-con-inner\">\n\t\t\t\t<div class=\"elementor-element elementor-element-b53b75a elementor-widget elementor-widget-text-editor\" data-id=\"b53b75a\" data-element_type=\"widget\" data-widget_type=\"text-editor.default\">\n\t\t\t\t<div class=\"elementor-widget-container\">\n\t\t\t\t\t\t\t\t\t<p><strong>Elei\u00e7\u00f5es 2025 \u2013 <\/strong><strong>ATA DE HOMOLOGA\u00c7\u00c3O DE INSCRI\u00c7\u00c3O PARA O PROCESSO ELEITORAL DA ASSOCIA\u00c7\u00c3O BRASILEIRA DE ENGENHARIA DE PRODU\u00c7\u00c3O \u2013 GEST\u00c3O 2026\/2027<\/strong><\/p><p>Aos vinte dias do m\u00eas de setembro de 2025, reuniram-se de forma online os professores \u2013 Aline Dresch (Unisinos), Rodrigo Goyannes Gusm\u00e3o Caiado (PUC-Rio) e Vitor William Batista Martins (UEPA) para validar as chapas inscritas e candidatos a conselheiros para o processo eleitoral da Associa\u00e7\u00e3o Brasileira de Engenharia de Produ\u00e7\u00e3o (ABEPRO), gest\u00e3o 2026-2027. <\/p><p>Consulte o documento completo: <a href=\"https:\/\/portal.abepro.org.br\/abepro2025\/wp-content\/uploads\/2025\/09\/Eleicoes-2025-Homologacao-dos-candidatos-homologados.pdf\">Elei\u00e7\u00f5es 2025 &#8211; Homologa\u00e7\u00e3o dos candidatos homologados<\/a><\/p>\t\t\t\t\t\t\t\t<\/div>\n\t\t\t\t<\/div>\n\t\t\t\t\t<\/div>\n\t\t\t\t<\/div>\n\t\t\t\t<\/div>\n\t\t","protected":false},"excerpt":{"rendered":"<p>Elei\u00e7\u00f5es 2025 \u2013 ATA DE HOMOLOGA\u00c7\u00c3O DE INSCRI\u00c7\u00c3O PARA O PROCESSO ELEITORAL DA ASSOCIA\u00c7\u00c3O BRASILEIRA DE ENGENHARIA DE PRODU\u00c7\u00c3O \u2013 GEST\u00c3O 2026\/2027 Aos vinte dias do m\u00eas de setembro de 2025, reuniram-se de forma online os professores \u2013 Aline Dresch (Unisinos), Rodrigo Goyannes Gusm\u00e3o Caiado (PUC-Rio) e Vitor William Batista Martins (UEPA) para validar as [&hellip;]<\/p>\n","protected":false},"author":1,"featured_media":6251,"comment_status":"open","ping_status":"open","sticky":false,"template":"","format":"standard","meta":{"footnotes":""},"categories":[5,6],"tags":[],"class_list":["post-6249","post","type-post","status-publish","format-standard","has-post-thumbnail","hentry","category-avisos","category-noticias"],"_links":{"self":[{"href":"https:\/\/portal.abepro.org.br\/abepro2025\/wp-json\/wp\/v2\/posts\/6249","targetHints":{"allow":["GET"]}}],"collection":[{"href":"https:\/\/portal.abepro.org.br\/abepro2025\/wp-json\/wp\/v2\/posts"}],"about":[{"href":"https:\/\/portal.abepro.org.br\/abepro2025\/wp-json\/wp\/v2\/types\/post"}],"author":[{"embeddable":true,"href":"https:\/\/portal.abepro.org.br\/abepro2025\/wp-json\/wp\/v2\/users\/1"}],"replies":[{"embeddable":true,"href":"https:\/\/portal.abepro.org.br\/abepro2025\/wp-json\/wp\/v2\/comments?post=6249"}],"version-history":[{"count":4,"href":"https:\/\/portal.abepro.org.br\/abepro2025\/wp-json\/wp\/v2\/posts\/6249\/revisions"}],"predecessor-version":[{"id":6255,"href":"https:\/\/portal.abepro.org.br\/abepro2025\/wp-json\/wp\/v2\/posts\/6249\/revisions\/6255"}],"wp:featuredmedia":[{"embeddable":true,"href":"https:\/\/portal.abepro.org.br\/abepro2025\/wp-json\/wp\/v2\/media\/6251"}],"wp:attachment":[{"href":"https:\/\/portal.abepro.org.br\/abepro2025\/wp-json\/wp\/v2\/media?parent=6249"}],"wp:term":[{"taxonomy":"category","embeddable":true,"href":"https:\/\/portal.abepro.org.br\/abepro2025\/wp-json\/wp\/v2\/categories?post=6249"},{"taxonomy":"post_tag","embeddable":true,"href":"https:\/\/portal.abepro.org.br\/abepro2025\/wp-json\/wp\/v2\/tags?post=6249"}],"curies":[{"name":"wp","href":"https:\/\/api.w.org\/{rel}","templated":true}]}}