{"id":6256,"date":"2025-09-24T11:44:10","date_gmt":"2025-09-24T11:44:10","guid":{"rendered":"https:\/\/portal.abepro.org.br\/abepro2025\/?p=6256"},"modified":"2025-09-24T11:47:04","modified_gmt":"2025-09-24T11:47:04","slug":"usp-abre-inscricoes-para-mestrado-em-engenharia-de-producao","status":"publish","type":"post","link":"https:\/\/portal.abepro.org.br\/abepro2025\/usp-abre-inscricoes-para-mestrado-em-engenharia-de-producao\/","title":{"rendered":"USP abre inscri\u00e7\u00f5es para Mestrado em Engenharia de Produ\u00e7\u00e3o"},"content":{"rendered":"\t\t<div data-elementor-type=\"wp-post\" data-elementor-id=\"6256\" class=\"elementor elementor-6256\" data-elementor-post-type=\"post\">\n\t\t\t\t<div class=\"elementor-element elementor-element-8c516cc e-flex e-con-boxed e-con e-parent\" data-id=\"8c516cc\" data-element_type=\"container\">\n\t\t\t\t\t<div class=\"e-con-inner\">\n\t\t\t\t<div class=\"elementor-element elementor-element-6e640b3 elementor-widget elementor-widget-text-editor\" data-id=\"6e640b3\" data-element_type=\"widget\" data-widget_type=\"text-editor.default\">\n\t\t\t\t<div class=\"elementor-widget-container\">\n\t\t\t\t\t\t\t\t\t<p data-start=\"193\" data-end=\"419\">A Escola Polit\u00e9cnica da USP est\u00e1 com inscri\u00e7\u00f5es abertas, de <strong data-start=\"253\" data-end=\"295\">16 de setembro a 31 de outubro de 2025<\/strong>, para o processo seletivo do <strong data-start=\"325\" data-end=\"371\">Mestrado em Engenharia de Produ\u00e7\u00e3o (PPGEP)<\/strong>, com in\u00edcio no primeiro quadrimestre de 2026.<\/p><p data-start=\"421\" data-end=\"671\">O programa abrange cinco linhas de pesquisa e a sele\u00e7\u00e3o ocorrer\u00e1 em duas fases: <strong data-start=\"501\" data-end=\"519\">18 de novembro<\/strong> e <strong data-start=\"522\" data-end=\"553\">03 a 05 de dezembro de 2025<\/strong>.\u00a0<\/p><p data-start=\"819\" data-end=\"937\">Mais detalhes e edital completo: <a class=\"decorated-link\" href=\"https:\/\/ppgep.poli.usp.br\/processo-seletivo\/\" target=\"_new\" rel=\"noopener\" data-start=\"852\" data-end=\"935\">ppgep.poli.usp.br\/processo-seletivo<\/a><\/p>\t\t\t\t\t\t\t\t<\/div>\n\t\t\t\t<\/div>\n\t\t\t\t\t<\/div>\n\t\t\t\t<\/div>\n\t\t\t\t<\/div>\n\t\t","protected":false},"excerpt":{"rendered":"<p>A Escola Polit\u00e9cnica da USP est\u00e1 com inscri\u00e7\u00f5es abertas, de 16 de setembro a 31 de outubro de 2025, para o processo seletivo do Mestrado em Engenharia de Produ\u00e7\u00e3o (PPGEP), com in\u00edcio no primeiro quadrimestre de 2026. O programa abrange cinco linhas de pesquisa e a sele\u00e7\u00e3o ocorrer\u00e1 em duas fases: 18 de novembro e [&hellip;]<\/p>\n","protected":false},"author":1,"featured_media":6258,"comment_status":"open","ping_status":"open","sticky":false,"template":"","format":"standard","meta":{"footnotes":""},"categories":[6],"tags":[],"class_list":["post-6256","post","type-post","status-publish","format-standard","has-post-thumbnail","hentry","category-noticias"],"_links":{"self":[{"href":"https:\/\/portal.abepro.org.br\/abepro2025\/wp-json\/wp\/v2\/posts\/6256","targetHints":{"allow":["GET"]}}],"collection":[{"href":"https:\/\/portal.abepro.org.br\/abepro2025\/wp-json\/wp\/v2\/posts"}],"about":[{"href":"https:\/\/portal.abepro.org.br\/abepro2025\/wp-json\/wp\/v2\/types\/post"}],"author":[{"embeddable":true,"href":"https:\/\/portal.abepro.org.br\/abepro2025\/wp-json\/wp\/v2\/users\/1"}],"replies":[{"embeddable":true,"href":"https:\/\/portal.abepro.org.br\/abepro2025\/wp-json\/wp\/v2\/comments?post=6256"}],"version-history":[{"count":4,"href":"https:\/\/portal.abepro.org.br\/abepro2025\/wp-json\/wp\/v2\/posts\/6256\/revisions"}],"predecessor-version":[{"id":6261,"href":"https:\/\/portal.abepro.org.br\/abepro2025\/wp-json\/wp\/v2\/posts\/6256\/revisions\/6261"}],"wp:featuredmedia":[{"embeddable":true,"href":"https:\/\/portal.abepro.org.br\/abepro2025\/wp-json\/wp\/v2\/media\/6258"}],"wp:attachment":[{"href":"https:\/\/portal.abepro.org.br\/abepro2025\/wp-json\/wp\/v2\/media?parent=6256"}],"wp:term":[{"taxonomy":"category","embeddable":true,"href":"https:\/\/portal.abepro.org.br\/abepro2025\/wp-json\/wp\/v2\/categories?post=6256"},{"taxonomy":"post_tag","embeddable":true,"href":"https:\/\/portal.abepro.org.br\/abepro2025\/wp-json\/wp\/v2\/tags?post=6256"}],"curies":[{"name":"wp","href":"https:\/\/api.w.org\/{rel}","templated":true}]}}