{"id":6262,"date":"2025-09-24T12:01:00","date_gmt":"2025-09-24T12:01:00","guid":{"rendered":"https:\/\/portal.abepro.org.br\/abepro2025\/?p=6262"},"modified":"2025-09-24T12:03:06","modified_gmt":"2025-09-24T12:03:06","slug":"ufsc-abre-vagas-para-o-magisterio-superior","status":"publish","type":"post","link":"https:\/\/portal.abepro.org.br\/abepro2025\/ufsc-abre-vagas-para-o-magisterio-superior\/","title":{"rendered":"UFSC abre vagas para o Magist\u00e9rio Superior"},"content":{"rendered":"\t\t<div data-elementor-type=\"wp-post\" data-elementor-id=\"6262\" class=\"elementor elementor-6262\" data-elementor-post-type=\"post\">\n\t\t\t\t<div class=\"elementor-element elementor-element-8eaa748 e-flex e-con-boxed e-con e-parent\" data-id=\"8eaa748\" data-element_type=\"container\">\n\t\t\t\t\t<div class=\"e-con-inner\">\n\t\t\t\t<div class=\"elementor-element elementor-element-7c4bcc6 elementor-widget elementor-widget-text-editor\" data-id=\"7c4bcc6\" data-element_type=\"widget\" data-widget_type=\"text-editor.default\">\n\t\t\t\t<div class=\"elementor-widget-container\">\n\t\t\t\t\t\t\t\t\t<h3 data-start=\"44\" data-end=\"112\">Concurso P\u00fablico: Edital n\u00ba 039\/2025\/DDP \u2013 Magist\u00e9rio Superior<\/h3><p data-start=\"114\" data-end=\"286\">A Universidade Federal de Santa Catarina (UFSC) publicou o <strong data-start=\"173\" data-end=\"199\">Edital n\u00ba 039\/2025\/DDP<\/strong>, referente ao concurso p\u00fablico para o cargo de <strong data-start=\"247\" data-end=\"283\">Professor do Magist\u00e9rio Superior<\/strong>.<\/p><p data-start=\"288\" data-end=\"491\">As vagas s\u00e3o para o <strong data-start=\"308\" data-end=\"367\">Departamento de Engenharia de Produ\u00e7\u00e3o e Sistemas (EPS)<\/strong>, nas \u00e1reas de <strong data-start=\"382\" data-end=\"418\">Engenharia do Trabalho\/Opera\u00e7\u00f5es<\/strong> e <strong data-start=\"421\" data-end=\"445\">Ger\u00eancia de Produ\u00e7\u00e3o<\/strong>, em regime de <strong data-start=\"460\" data-end=\"488\">Dedica\u00e7\u00e3o Exclusiva (DE)<\/strong>.<\/p><p data-start=\"493\" data-end=\"556\">\ud83d\udcc4 Mais informa\u00e7\u00f5es est\u00e3o dispon\u00edveis no <a href=\"https:\/\/039ddp2025.concursos.ufsc.br\/\"><strong data-start=\"534\" data-end=\"553\">edital completo<\/strong>.<\/a><\/p>\t\t\t\t\t\t\t\t<\/div>\n\t\t\t\t<\/div>\n\t\t\t\t\t<\/div>\n\t\t\t\t<\/div>\n\t\t\t\t<\/div>\n\t\t","protected":false},"excerpt":{"rendered":"<p>Concurso P\u00fablico: Edital n\u00ba 039\/2025\/DDP \u2013 Magist\u00e9rio Superior A Universidade Federal de Santa Catarina (UFSC) publicou o Edital n\u00ba 039\/2025\/DDP, referente ao concurso p\u00fablico para o cargo de Professor do Magist\u00e9rio Superior. As vagas s\u00e3o para o Departamento de Engenharia de Produ\u00e7\u00e3o e Sistemas (EPS), nas \u00e1reas de Engenharia do Trabalho\/Opera\u00e7\u00f5es e Ger\u00eancia de Produ\u00e7\u00e3o, [&hellip;]<\/p>\n","protected":false},"author":1,"featured_media":6264,"comment_status":"open","ping_status":"open","sticky":false,"template":"","format":"standard","meta":{"footnotes":""},"categories":[6],"tags":[],"class_list":["post-6262","post","type-post","status-publish","format-standard","has-post-thumbnail","hentry","category-noticias"],"_links":{"self":[{"href":"https:\/\/portal.abepro.org.br\/abepro2025\/wp-json\/wp\/v2\/posts\/6262","targetHints":{"allow":["GET"]}}],"collection":[{"href":"https:\/\/portal.abepro.org.br\/abepro2025\/wp-json\/wp\/v2\/posts"}],"about":[{"href":"https:\/\/portal.abepro.org.br\/abepro2025\/wp-json\/wp\/v2\/types\/post"}],"author":[{"embeddable":true,"href":"https:\/\/portal.abepro.org.br\/abepro2025\/wp-json\/wp\/v2\/users\/1"}],"replies":[{"embeddable":true,"href":"https:\/\/portal.abepro.org.br\/abepro2025\/wp-json\/wp\/v2\/comments?post=6262"}],"version-history":[{"count":4,"href":"https:\/\/portal.abepro.org.br\/abepro2025\/wp-json\/wp\/v2\/posts\/6262\/revisions"}],"predecessor-version":[{"id":6267,"href":"https:\/\/portal.abepro.org.br\/abepro2025\/wp-json\/wp\/v2\/posts\/6262\/revisions\/6267"}],"wp:featuredmedia":[{"embeddable":true,"href":"https:\/\/portal.abepro.org.br\/abepro2025\/wp-json\/wp\/v2\/media\/6264"}],"wp:attachment":[{"href":"https:\/\/portal.abepro.org.br\/abepro2025\/wp-json\/wp\/v2\/media?parent=6262"}],"wp:term":[{"taxonomy":"category","embeddable":true,"href":"https:\/\/portal.abepro.org.br\/abepro2025\/wp-json\/wp\/v2\/categories?post=6262"},{"taxonomy":"post_tag","embeddable":true,"href":"https:\/\/portal.abepro.org.br\/abepro2025\/wp-json\/wp\/v2\/tags?post=6262"}],"curies":[{"name":"wp","href":"https:\/\/api.w.org\/{rel}","templated":true}]}}