{"id":6274,"date":"2025-09-29T12:02:29","date_gmt":"2025-09-29T12:02:29","guid":{"rendered":"https:\/\/portal.abepro.org.br\/abepro2025\/?p=6274"},"modified":"2025-09-29T12:04:25","modified_gmt":"2025-09-29T12:04:25","slug":"ix-simposio-academico-de-engenharia-de-producao-saepro-eel-usp","status":"publish","type":"post","link":"https:\/\/portal.abepro.org.br\/abepro2025\/ix-simposio-academico-de-engenharia-de-producao-saepro-eel-usp\/","title":{"rendered":"IX Simp\u00f3sio Acad\u00eamico de Engenharia de Produ\u00e7\u00e3o (SAEPRO) \u2013 EEL\/USP"},"content":{"rendered":"\t\t<div data-elementor-type=\"wp-post\" data-elementor-id=\"6274\" class=\"elementor elementor-6274\" data-elementor-post-type=\"post\">\n\t\t\t\t<div class=\"elementor-element elementor-element-1e8b9db e-flex e-con-boxed e-con e-parent\" data-id=\"1e8b9db\" data-element_type=\"container\">\n\t\t\t\t\t<div class=\"e-con-inner\">\n\t\t\t\t<div class=\"elementor-element elementor-element-b36f084 elementor-widget elementor-widget-text-editor\" data-id=\"b36f084\" data-element_type=\"widget\" data-widget_type=\"text-editor.default\">\n\t\t\t\t<div class=\"elementor-widget-container\">\n\t\t\t\t\t\t\t\t\t<p data-start=\"170\" data-end=\"366\">O IX SAEPRO ser\u00e1 realizado nos dias <strong data-start=\"206\" data-end=\"237\">25 e 26 de novembro de 2025<\/strong>, das <strong data-start=\"243\" data-end=\"257\">09h \u00e0s 18h<\/strong>, na <strong data-start=\"262\" data-end=\"303\">Escola de Engenharia de Lorena da USP<\/strong>, em formato <strong data-start=\"316\" data-end=\"327\">h\u00edbrido<\/strong> (presencial com transmiss\u00e3o online).<\/p><p data-start=\"368\" data-end=\"621\">Promovido anualmente pelo Curso de Engenharia de Produ\u00e7\u00e3o da EEL\/USP, o evento tem como objetivo <strong data-start=\"465\" data-end=\"517\">estimular o interc\u00e2mbio cient\u00edfico e tecnol\u00f3gico<\/strong> entre estudantes, pesquisadores e profissionais da \u00e1rea de Engenharia de Produ\u00e7\u00e3o e \u00e1reas correlatas.<\/p><p data-start=\"623\" data-end=\"684\">Mais informa\u00e7\u00f5es e programa\u00e7\u00e3o: https:\/\/www.even3.com.br\/saepro2025-622279\/<\/p>\t\t\t\t\t\t\t\t<\/div>\n\t\t\t\t<\/div>\n\t\t\t\t\t<\/div>\n\t\t\t\t<\/div>\n\t\t\t\t<\/div>\n\t\t","protected":false},"excerpt":{"rendered":"<p>O IX SAEPRO ser\u00e1 realizado nos dias 25 e 26 de novembro de 2025, das 09h \u00e0s 18h, na Escola de Engenharia de Lorena da USP, em formato h\u00edbrido (presencial com transmiss\u00e3o online). Promovido anualmente pelo Curso de Engenharia de Produ\u00e7\u00e3o da EEL\/USP, o evento tem como objetivo estimular o interc\u00e2mbio cient\u00edfico e tecnol\u00f3gico entre [&hellip;]<\/p>\n","protected":false},"author":1,"featured_media":6276,"comment_status":"open","ping_status":"open","sticky":false,"template":"","format":"standard","meta":{"footnotes":""},"categories":[6],"tags":[],"class_list":["post-6274","post","type-post","status-publish","format-standard","has-post-thumbnail","hentry","category-noticias"],"_links":{"self":[{"href":"https:\/\/portal.abepro.org.br\/abepro2025\/wp-json\/wp\/v2\/posts\/6274","targetHints":{"allow":["GET"]}}],"collection":[{"href":"https:\/\/portal.abepro.org.br\/abepro2025\/wp-json\/wp\/v2\/posts"}],"about":[{"href":"https:\/\/portal.abepro.org.br\/abepro2025\/wp-json\/wp\/v2\/types\/post"}],"author":[{"embeddable":true,"href":"https:\/\/portal.abepro.org.br\/abepro2025\/wp-json\/wp\/v2\/users\/1"}],"replies":[{"embeddable":true,"href":"https:\/\/portal.abepro.org.br\/abepro2025\/wp-json\/wp\/v2\/comments?post=6274"}],"version-history":[{"count":4,"href":"https:\/\/portal.abepro.org.br\/abepro2025\/wp-json\/wp\/v2\/posts\/6274\/revisions"}],"predecessor-version":[{"id":6279,"href":"https:\/\/portal.abepro.org.br\/abepro2025\/wp-json\/wp\/v2\/posts\/6274\/revisions\/6279"}],"wp:featuredmedia":[{"embeddable":true,"href":"https:\/\/portal.abepro.org.br\/abepro2025\/wp-json\/wp\/v2\/media\/6276"}],"wp:attachment":[{"href":"https:\/\/portal.abepro.org.br\/abepro2025\/wp-json\/wp\/v2\/media?parent=6274"}],"wp:term":[{"taxonomy":"category","embeddable":true,"href":"https:\/\/portal.abepro.org.br\/abepro2025\/wp-json\/wp\/v2\/categories?post=6274"},{"taxonomy":"post_tag","embeddable":true,"href":"https:\/\/portal.abepro.org.br\/abepro2025\/wp-json\/wp\/v2\/tags?post=6274"}],"curies":[{"name":"wp","href":"https:\/\/api.w.org\/{rel}","templated":true}]}}