{"id":6280,"date":"2025-09-29T21:00:34","date_gmt":"2025-09-29T21:00:34","guid":{"rendered":"https:\/\/portal.abepro.org.br\/abepro2025\/?p=6280"},"modified":"2025-09-29T21:02:35","modified_gmt":"2025-09-29T21:02:35","slug":"associacoes-manifestam-apoio-a-indicacao-para-coordenacao-da-area-engenharias-iii-da-capes","status":"publish","type":"post","link":"https:\/\/portal.abepro.org.br\/abepro2025\/associacoes-manifestam-apoio-a-indicacao-para-coordenacao-da-area-engenharias-iii-da-capes\/","title":{"rendered":"Associa\u00e7\u00f5es manifestam apoio \u00e0 indica\u00e7\u00e3o para Coordena\u00e7\u00e3o da \u00c1rea Engenharias III da CAPES"},"content":{"rendered":"\t\t<div data-elementor-type=\"wp-post\" data-elementor-id=\"6280\" class=\"elementor elementor-6280\" data-elementor-post-type=\"post\">\n\t\t\t\t<div class=\"elementor-element elementor-element-d7b5442 e-flex e-con-boxed e-con e-parent\" data-id=\"d7b5442\" data-element_type=\"container\">\n\t\t\t\t\t<div class=\"e-con-inner\">\n\t\t\t\t<div class=\"elementor-element elementor-element-f2224c2 elementor-widget elementor-widget-text-editor\" data-id=\"f2224c2\" data-element_type=\"widget\" data-widget_type=\"text-editor.default\">\n\t\t\t\t<div class=\"elementor-widget-container\">\n\t\t\t\t\t\t\t\t\t<p data-start=\"185\" data-end=\"530\">As Associa\u00e7\u00f5es <strong data-start=\"200\" data-end=\"208\">ABCM<\/strong>, <strong data-start=\"210\" data-end=\"220\">ABEPRO<\/strong>, <strong data-start=\"222\" data-end=\"233\">ANPEPRO<\/strong> e <strong data-start=\"236\" data-end=\"247\">SOBRAPO<\/strong> manifestaram apoio conjunto \u00e0 indica\u00e7\u00e3o dos professores <strong data-start=\"304\" data-end=\"334\">Leandro Alcoforado Sphaier<\/strong>, <strong data-start=\"336\" data-end=\"361\">Danielle Costa Morais<\/strong> e <strong data-start=\"364\" data-end=\"413\">Luiz Felipe Roris Rodriguez Scavarda do Carmo<\/strong>, nesta ordem de prefer\u00eancia, para a Coordena\u00e7\u00e3o da \u00c1rea Engenharias III da CAPES, no \u00e2mbito do <strong data-start=\"509\" data-end=\"527\">Edital 18\/2025<\/strong>.<\/p><p data-start=\"532\" data-end=\"863\">A iniciativa refor\u00e7a a busca pela excel\u00eancia acad\u00eamica, o fortalecimento da \u00e1rea e a uni\u00e3o necess\u00e1ria para ampliar recursos e fomentar seu desenvolvimento. As entidades destacam a reconhecida trajet\u00f3ria acad\u00eamica e a experi\u00eancia em avalia\u00e7\u00e3o dos docentes indicados, recomendando o engajamento da comunidade acad\u00eamica no processo.<\/p><p data-start=\"865\" data-end=\"925\">\ud83d\udcc4 Confira aqui o documento completo:\u00a0<a href=\"https:\/\/portal.abepro.org.br\/abepro2025\/wp-content\/uploads\/2025\/09\/Carta-Conjunta-Coord-Area-CAPES_Final.pdf\">Carta Conjunta Coord A\u0301rea CAPES_Final<\/a><\/p>\t\t\t\t\t\t\t\t<\/div>\n\t\t\t\t<\/div>\n\t\t\t\t\t<\/div>\n\t\t\t\t<\/div>\n\t\t\t\t<\/div>\n\t\t","protected":false},"excerpt":{"rendered":"<p>As Associa\u00e7\u00f5es ABCM, ABEPRO, ANPEPRO e SOBRAPO manifestaram apoio conjunto \u00e0 indica\u00e7\u00e3o dos professores Leandro Alcoforado Sphaier, Danielle Costa Morais e Luiz Felipe Roris Rodriguez Scavarda do Carmo, nesta ordem de prefer\u00eancia, para a Coordena\u00e7\u00e3o da \u00c1rea Engenharias III da CAPES, no \u00e2mbito do Edital 18\/2025. A iniciativa refor\u00e7a a busca pela excel\u00eancia acad\u00eamica, o [&hellip;]<\/p>\n","protected":false},"author":1,"featured_media":6283,"comment_status":"open","ping_status":"open","sticky":false,"template":"","format":"standard","meta":{"footnotes":""},"categories":[6],"tags":[],"class_list":["post-6280","post","type-post","status-publish","format-standard","has-post-thumbnail","hentry","category-noticias"],"_links":{"self":[{"href":"https:\/\/portal.abepro.org.br\/abepro2025\/wp-json\/wp\/v2\/posts\/6280","targetHints":{"allow":["GET"]}}],"collection":[{"href":"https:\/\/portal.abepro.org.br\/abepro2025\/wp-json\/wp\/v2\/posts"}],"about":[{"href":"https:\/\/portal.abepro.org.br\/abepro2025\/wp-json\/wp\/v2\/types\/post"}],"author":[{"embeddable":true,"href":"https:\/\/portal.abepro.org.br\/abepro2025\/wp-json\/wp\/v2\/users\/1"}],"replies":[{"embeddable":true,"href":"https:\/\/portal.abepro.org.br\/abepro2025\/wp-json\/wp\/v2\/comments?post=6280"}],"version-history":[{"count":4,"href":"https:\/\/portal.abepro.org.br\/abepro2025\/wp-json\/wp\/v2\/posts\/6280\/revisions"}],"predecessor-version":[{"id":6286,"href":"https:\/\/portal.abepro.org.br\/abepro2025\/wp-json\/wp\/v2\/posts\/6280\/revisions\/6286"}],"wp:featuredmedia":[{"embeddable":true,"href":"https:\/\/portal.abepro.org.br\/abepro2025\/wp-json\/wp\/v2\/media\/6283"}],"wp:attachment":[{"href":"https:\/\/portal.abepro.org.br\/abepro2025\/wp-json\/wp\/v2\/media?parent=6280"}],"wp:term":[{"taxonomy":"category","embeddable":true,"href":"https:\/\/portal.abepro.org.br\/abepro2025\/wp-json\/wp\/v2\/categories?post=6280"},{"taxonomy":"post_tag","embeddable":true,"href":"https:\/\/portal.abepro.org.br\/abepro2025\/wp-json\/wp\/v2\/tags?post=6280"}],"curies":[{"name":"wp","href":"https:\/\/api.w.org\/{rel}","templated":true}]}}