{"id":6298,"date":"2025-10-22T09:11:47","date_gmt":"2025-10-22T09:11:47","guid":{"rendered":"https:\/\/portal.abepro.org.br\/abepro2025\/?p=6298"},"modified":"2025-10-22T09:13:29","modified_gmt":"2025-10-22T09:13:29","slug":"ufrj-publica-edital-no-875-2025-para-concurso-de-magisterio-superior","status":"publish","type":"post","link":"https:\/\/portal.abepro.org.br\/abepro2025\/ufrj-publica-edital-no-875-2025-para-concurso-de-magisterio-superior\/","title":{"rendered":"UFRJ publica Edital n\u00ba 875\/2025 para concurso de Magist\u00e9rio Superior"},"content":{"rendered":"\t\t<div data-elementor-type=\"wp-post\" data-elementor-id=\"6298\" class=\"elementor elementor-6298\" data-elementor-post-type=\"post\">\n\t\t\t\t<div class=\"elementor-element elementor-element-982751e e-flex e-con-boxed e-con e-parent\" data-id=\"982751e\" data-element_type=\"container\">\n\t\t\t\t\t<div class=\"e-con-inner\">\n\t\t\t\t<div class=\"elementor-element elementor-element-fe9c078 elementor-widget elementor-widget-text-editor\" data-id=\"fe9c078\" data-element_type=\"widget\" data-widget_type=\"text-editor.default\">\n\t\t\t\t<div class=\"elementor-widget-container\">\n\t\t\t\t\t\t\t\t\t<p data-start=\"176\" data-end=\"345\">A Universidade Federal do Rio de Janeiro (UFRJ) divulgou o <strong data-start=\"235\" data-end=\"257\">Edital n\u00ba 875\/2025<\/strong>, referente ao concurso p\u00fablico para <strong data-start=\"294\" data-end=\"342\">Professor da Carreira de Magist\u00e9rio Superior<\/strong>.<\/p><p data-start=\"347\" data-end=\"728\">\ud83d\udcc4 O edital completo pode ser consultado <strong data-start=\"388\" data-end=\"530\"><a class=\"decorated-link\" href=\"https:\/\/concursos.pr4.ufrj.br\/index.php\/81-edital-n-875-de-19-de-setembro-de-2025\/801-edital-n-875-de-19-de-setembro-de-2025?utm_source=chatgpt.com\" target=\"_new\" rel=\"noopener\" data-start=\"390\" data-end=\"528\">neste link<\/a><\/strong>.<\/p><p data-start=\"730\" data-end=\"826\">O per\u00edodo de inscri\u00e7\u00f5es ocorre de <strong data-start=\"764\" data-end=\"793\">2 a 24 de outubro de 2025<\/strong>, conforme orienta\u00e7\u00f5es do edital.<\/p>\t\t\t\t\t\t\t\t<\/div>\n\t\t\t\t<\/div>\n\t\t\t\t\t<\/div>\n\t\t\t\t<\/div>\n\t\t\t\t<\/div>\n\t\t","protected":false},"excerpt":{"rendered":"<p>A Universidade Federal do Rio de Janeiro (UFRJ) divulgou o Edital n\u00ba 875\/2025, referente ao concurso p\u00fablico para Professor da Carreira de Magist\u00e9rio Superior. \ud83d\udcc4 O edital completo pode ser consultado neste link. O per\u00edodo de inscri\u00e7\u00f5es ocorre de 2 a 24 de outubro de 2025, conforme orienta\u00e7\u00f5es do edital.<\/p>\n","protected":false},"author":1,"featured_media":6300,"comment_status":"open","ping_status":"open","sticky":false,"template":"","format":"standard","meta":{"footnotes":""},"categories":[6],"tags":[],"class_list":["post-6298","post","type-post","status-publish","format-standard","has-post-thumbnail","hentry","category-noticias"],"_links":{"self":[{"href":"https:\/\/portal.abepro.org.br\/abepro2025\/wp-json\/wp\/v2\/posts\/6298","targetHints":{"allow":["GET"]}}],"collection":[{"href":"https:\/\/portal.abepro.org.br\/abepro2025\/wp-json\/wp\/v2\/posts"}],"about":[{"href":"https:\/\/portal.abepro.org.br\/abepro2025\/wp-json\/wp\/v2\/types\/post"}],"author":[{"embeddable":true,"href":"https:\/\/portal.abepro.org.br\/abepro2025\/wp-json\/wp\/v2\/users\/1"}],"replies":[{"embeddable":true,"href":"https:\/\/portal.abepro.org.br\/abepro2025\/wp-json\/wp\/v2\/comments?post=6298"}],"version-history":[{"count":4,"href":"https:\/\/portal.abepro.org.br\/abepro2025\/wp-json\/wp\/v2\/posts\/6298\/revisions"}],"predecessor-version":[{"id":6303,"href":"https:\/\/portal.abepro.org.br\/abepro2025\/wp-json\/wp\/v2\/posts\/6298\/revisions\/6303"}],"wp:featuredmedia":[{"embeddable":true,"href":"https:\/\/portal.abepro.org.br\/abepro2025\/wp-json\/wp\/v2\/media\/6300"}],"wp:attachment":[{"href":"https:\/\/portal.abepro.org.br\/abepro2025\/wp-json\/wp\/v2\/media?parent=6298"}],"wp:term":[{"taxonomy":"category","embeddable":true,"href":"https:\/\/portal.abepro.org.br\/abepro2025\/wp-json\/wp\/v2\/categories?post=6298"},{"taxonomy":"post_tag","embeddable":true,"href":"https:\/\/portal.abepro.org.br\/abepro2025\/wp-json\/wp\/v2\/tags?post=6298"}],"curies":[{"name":"wp","href":"https:\/\/api.w.org\/{rel}","templated":true}]}}