{"id":6330,"date":"2025-10-24T22:57:13","date_gmt":"2025-10-24T22:57:13","guid":{"rendered":"https:\/\/portal.abepro.org.br\/abepro2025\/?p=6330"},"modified":"2025-10-24T22:57:13","modified_gmt":"2025-10-24T22:57:13","slug":"controle-estatistico-de-processos","status":"publish","type":"post","link":"https:\/\/portal.abepro.org.br\/abepro2025\/controle-estatistico-de-processos\/","title":{"rendered":"Controle Estat\u00edstico de Processos"},"content":{"rendered":"\n<p>O <strong>Controle Estat\u00edstico de Processos (CEP)<\/strong> \u00e9 uma ferramenta fundamentada em princ\u00edpios estat\u00edsticos, destinada para monitorar, controlar e promover a melhoria cont\u00ednua nos processos produtivos.<br><\/p>\n\n\n\n<p>Um processo \u00e9 considerado estatisticamente controlado quando as varia\u00e7\u00f5es se devem apenas as causas comuns, sem presen\u00e7a de causas especiais que indiquem irregularidades. Para o monitoramento, o CEP utiliza dos gr\u00e1ficos de controle, que permitem a visualiza\u00e7\u00e3o temporal das estat\u00edsticas do processo e a identifica\u00e7\u00e3o de desvios significativos. <\/p>\n\n\n\n<p><strong>O uso sistem\u00e1tico do CEP \u00e9 essencial em ambientes industriais, oferecendo diversos benef\u00edcios<br>estrat\u00e9gicos, tais como:<\/strong><\/p>\n\n\n\n<p>-Detec\u00e7\u00e3o precoce de falhas;<br>-Redu\u00e7\u00e3o de desperd\u00edcios e custos decorrentes da n\u00e3o conformidade;<br>-Maior confiabilidade e padroniza\u00e7\u00e3o dos processos;<br>-Apoio na tomada de decis\u00f5es baseada em dados estat\u00edsticos confi\u00e1veis.<\/p>\n\n\n\n<p>Para quem tiver interesse no tema, recomendo o livro <strong>\u201cIntrodu\u00e7\u00e3o ao Controle Estat\u00edstico da Qualidade\u201d, de Douglas C. Montgomery. <\/strong>A obra \u00e9 completa e did\u00e1tica, abordando conceitos te\u00f3ricos, aplica\u00e7\u00f5es pr\u00e1ticas e exemplos de como o CEP pode transformar a gest\u00e3o da qualidade em diferentes contextos.<\/p>\n\n\n\n<figure class=\"wp-block-image size-full is-resized\"><img fetchpriority=\"high\" decoding=\"async\" width=\"552\" height=\"728\" src=\"https:\/\/portal.abepro.org.br\/abepro2025\/wp-content\/uploads\/2025\/10\/image-8.png\" alt=\"\" class=\"wp-image-6331\" style=\"width:252px;height:auto\" srcset=\"https:\/\/portal.abepro.org.br\/abepro2025\/wp-content\/uploads\/2025\/10\/image-8.png 552w, https:\/\/portal.abepro.org.br\/abepro2025\/wp-content\/uploads\/2025\/10\/image-8-227x300.png 227w\" sizes=\"(max-width: 552px) 100vw, 552px\" \/><\/figure>\n\n\n\n<p>B\u00e1rbara Aguiar Assessora na Diretoria de N\u00facleos \u2013 Gest\u00e3o ABEPRO Jovem 2025<\/p>\n","protected":false},"excerpt":{"rendered":"<p>O Controle Estat\u00edstico de Processos (CEP) \u00e9 uma ferramenta fundamentada em princ\u00edpios estat\u00edsticos, destinada para monitorar, controlar e promover a melhoria cont\u00ednua nos processos produtivos. Um processo \u00e9 considerado estatisticamente controlado quando as varia\u00e7\u00f5es se devem apenas as causas comuns, sem presen\u00e7a de causas especiais que indiquem irregularidades. Para o monitoramento, o CEP utiliza dos [&hellip;]<\/p>\n","protected":false},"author":1,"featured_media":6342,"comment_status":"open","ping_status":"open","sticky":false,"template":"","format":"standard","meta":{"footnotes":""},"categories":[11],"tags":[],"class_list":["post-6330","post","type-post","status-publish","format-standard","has-post-thumbnail","hentry","category-abj"],"_links":{"self":[{"href":"https:\/\/portal.abepro.org.br\/abepro2025\/wp-json\/wp\/v2\/posts\/6330","targetHints":{"allow":["GET"]}}],"collection":[{"href":"https:\/\/portal.abepro.org.br\/abepro2025\/wp-json\/wp\/v2\/posts"}],"about":[{"href":"https:\/\/portal.abepro.org.br\/abepro2025\/wp-json\/wp\/v2\/types\/post"}],"author":[{"embeddable":true,"href":"https:\/\/portal.abepro.org.br\/abepro2025\/wp-json\/wp\/v2\/users\/1"}],"replies":[{"embeddable":true,"href":"https:\/\/portal.abepro.org.br\/abepro2025\/wp-json\/wp\/v2\/comments?post=6330"}],"version-history":[{"count":1,"href":"https:\/\/portal.abepro.org.br\/abepro2025\/wp-json\/wp\/v2\/posts\/6330\/revisions"}],"predecessor-version":[{"id":6332,"href":"https:\/\/portal.abepro.org.br\/abepro2025\/wp-json\/wp\/v2\/posts\/6330\/revisions\/6332"}],"wp:featuredmedia":[{"embeddable":true,"href":"https:\/\/portal.abepro.org.br\/abepro2025\/wp-json\/wp\/v2\/media\/6342"}],"wp:attachment":[{"href":"https:\/\/portal.abepro.org.br\/abepro2025\/wp-json\/wp\/v2\/media?parent=6330"}],"wp:term":[{"taxonomy":"category","embeddable":true,"href":"https:\/\/portal.abepro.org.br\/abepro2025\/wp-json\/wp\/v2\/categories?post=6330"},{"taxonomy":"post_tag","embeddable":true,"href":"https:\/\/portal.abepro.org.br\/abepro2025\/wp-json\/wp\/v2\/tags?post=6330"}],"curies":[{"name":"wp","href":"https:\/\/api.w.org\/{rel}","templated":true}]}}